{"id":1008,"date":"2025-12-03T15:11:59","date_gmt":"2025-12-03T15:11:59","guid":{"rendered":"https:\/\/mpd.gov.mz\/?p=1008"},"modified":"2025-12-03T15:41:13","modified_gmt":"2025-12-03T15:41:13","slug":"i-conselho-coordenador-do-mpd-destaca-avancos-no-fdel-e-na-economia-nacional","status":"publish","type":"post","link":"https:\/\/mpd.gov.mz\/index.php\/2025\/12\/03\/i-conselho-coordenador-do-mpd-destaca-avancos-no-fdel-e-na-economia-nacional\/","title":{"rendered":"I Conselho Coordenador do MPD Destaca Avan\u00e7os no FDEL e na Economia Nacional"},"content":{"rendered":"\n<p><strong><em>I Conselho Coordenador do MPD Destaca Avan\u00e7os no FDEL e na Economia Nacional<\/em><\/strong><\/p>\n\n\n\n<p>O I Conselho Coordenador do Minist\u00e9rio da Planifica\u00e7\u00e3o e Desenvolvimento (MPD), destacou, nesta quarta-feira, na cidade de Maputo, os avan\u00e7os significativos registados no \u00e2mbito do Fundo de Desenvolvimento Econ\u00f3mico Local (FDEL) e na economia nacional.<\/p>\n\n\n\n<p>Realizado sob o lema \u201cPor uma Planifica\u00e7\u00e3o Orientada para o Desenvolvimento Socioecon\u00f3mico Inclusivo e Sustent\u00e1vel\u201d, o encontro, que decorre de 03 a 05 de Dezembro, re\u00fane entre outros, &nbsp;dirigentes, t\u00e9cnicos e parceiros de coopera\u00e7\u00e3o, com o objectivo de analisar em conjunto, mat\u00e9rias estrat\u00e9gicas que moldam a vis\u00e3o e a ac\u00e7\u00e3o da institui\u00e7\u00e3o para os pr\u00f3ximos anos.<\/p>\n\n\n\n<p>Na sess\u00e3o de abertura, o Ministro da Planifica\u00e7\u00e3o e Desenvolvimento, Salim Cripton Val\u00e1, falou da Estrat\u00e9gia Nacional de Desenvolvimento (ENDE) 2025\u20132044 e do Programa Quinquenal do Governo (PQG) 2025\u20132029, tendo, no entanto, destacado que o FDEL recebeu cerca de 236 356 candidaturas para financiamento aos projectos submetidos em todo o Pa\u00eds.<\/p>\n\n\n\n<p>Para Val\u00e1, o FDEL representa um pilar estrat\u00e9gico para dinamizar o empreendedorismo, impulsionar a gera\u00e7\u00e3o de rendimentos e promover o emprego ao n\u00edvel local, com especial enfoque na juventude e nas pequenas e m\u00e9dias empresas.<\/p>\n\n\n\n<figure class=\"wp-block-gallery has-nested-images columns-default is-cropped wp-block-gallery-1 is-layout-flex wp-block-gallery-is-layout-flex\">\n<figure class=\"wp-block-image size-large\"><img fetchpriority=\"high\" decoding=\"async\" width=\"5184\" height=\"3888\" data-id=\"1011\" src=\"https:\/\/mpd.gov.mz\/wp-content\/uploads\/2025\/12\/IMG_0100.jpg\" alt=\"\" class=\"wp-image-1011\"\/><\/figure>\n\n\n\n<figure class=\"wp-block-image size-large\"><img decoding=\"async\" width=\"5184\" height=\"3888\" data-id=\"1010\" src=\"https:\/\/mpd.gov.mz\/wp-content\/uploads\/2025\/12\/IMG_0096.jpg\" alt=\"\" class=\"wp-image-1010\"\/><\/figure>\n<\/figure>\n\n\n\n<p><em>A juventude \u00e9 grupo-alvo priorit\u00e1rio do FDEL, a taxa de participa\u00e7\u00e3o \u00e9 de 52,3%, com destaque para a prov\u00edncia de Nampula com 25,06% e Niassa com 18,16%.<\/em> <em>A participa\u00e7\u00e3o feminina continua a inspirar a nossa aten\u00e7\u00e3o, situando-se em 36,8%, contra 63% de projectos submetidos por homens. Em termos provinciais, o destaque vai para Nampula que lidera em n\u00famero de candidaturas, com 24,3%, seguida de Niassa com 14,9%, Zamb\u00e9zia 12,4%, Inhambane 11,3%, Tete 10,3%, Sofala 10,2% e finalmente a prov\u00edncia de Manica com 9,9%, <\/em>frisou.<\/p>\n\n\n\n<p>O governante afirmou que os projectos submetidos totalizam um valor global aproximado de 30 mil milh\u00f5es de meticais 469,3 milh\u00f5es de d\u00f3lares, sendo que a actividade comercial se destaca como principal \u00e1rea de interesse, absorvendo 39,9% das propostas. Seguem-se as actividades agr\u00edcolas, com 27,4%, a avicultura 8,7%, servi\u00e7os 6,99% e por fim a pecu\u00e1ria com 5,18%.<\/p>\n\n\n\n<p>O titular da planifica\u00e7\u00e3o e desenvolvimento, assegurou que neste momento, as comiss\u00f5es de Selec\u00e7\u00e3o de Projectos encontram-se a avaliar as candidaturas, segundo a fonte, foram j\u00e1 aprovados 233 projectos em tr\u00eas distritos e uma autarquia que \u00e9 Derre, na prov\u00edncia da Zamb\u00e9zia, Jangamo em Inhambane e Monapo j\u00e1 na prov\u00edncia de Nampula, incluindo o distrito e a autarquia. O valor m\u00e9dio atribu\u00eddo por projecto \u00e9 de 42 mil meticais (657 d\u00f3lares), com maior incid\u00eancia nas \u00e1reas de com\u00e9rcio, agricultura e pecu\u00e1ria.<\/p>\n\n\n\n<p><em>A iniciativa integra-se num ecossistema de financiamento produtivo que inclui tamb\u00e9m o Fundo de Garantia Mutu\u00e1ria, o Fundo de Recupera\u00e7\u00e3o Econ\u00f3mica, o Banco de Desenvolvimento e a Caixa Econ\u00f3mica, com o objectivo de refor\u00e7ar a sustentabilidade e a independ\u00eancia econ\u00f3mica nacional, <\/em>salvaguardou o dirigente.<em>Top of Form<\/em><\/p>\n\n\n\n<p>Segundo o dirigente, a previs\u00e3o \u00e9 de que at\u00e9 finais de Dezembro de 2025, a economia nacional recupere algum f\u00f4lego, depois dos efeitos das tens\u00f5es p\u00f3s-eleitorais, que se fizeram sentir no 4\u00ba trimestre de 2024 e 1\u00ba trimestre de 2025, tendo se registado uma contrac\u00e7\u00e3o de 3.9% no 1\u00ba Trimestre de 2025, seguida de uma contrac\u00e7\u00e3o de 0,9% no 2\u00ba trimestre e de 0,85% no 3\u00ba trimestre, contra uma previs\u00e3o de 2,9% constante no PESOE 2025.<\/p>\n\n\n\n<p>No que se refere aos pre\u00e7os, Salim Val\u00e1 disse que a previs\u00e3o \u00e9 de persist\u00eancia de estabilidade do n\u00edvel geral de pre\u00e7os, prevendo-se que a inflac\u00e7\u00e3o m\u00e9dia continue em 1 d\u00edgito em 2026, \u00e0 semelhan\u00e7a do ocorrido em 2025.<\/p>\n\n\n\n<p><em>Para 2026, a projec\u00e7\u00e3o inicial de crescimento do PIB fixada em 3,2%, poder\u00e1 ser revista em baixa, ficando na banda de 2,8%, <\/em>garantiu.<\/p>\n\n\n\n<p>Em termos macroecon\u00f3micos, Val\u00e1 diz haver sinais bastante encorajadores. A inflac\u00e7\u00e3o, que chegou a n\u00edveis elevados no per\u00edodo p\u00f3s-pandemia, tem vindo a recuar, tendo sido de 4,8% em Outubro corrente, depois de em Setembro ter estado no patamar de 4,9%, o metical revelou relativa resili\u00eancia quando comparado com outras moedas, as reservas internacionais t\u00eam sido geridas com prud\u00eancia e o pa\u00eds tem procurado refor\u00e7ar a disciplina fiscal, num contexto em que o espa\u00e7o or\u00e7amental \u00e9 limitado e as necessidades sociais s\u00e3o grandes.<\/p>\n\n\n\n<p>O I Conselho Coordenador do MPD configura-se como um f\u00f3rum de reflex\u00e3o estrat\u00e9gica, coordena\u00e7\u00e3o t\u00e9cnica e harmoniza\u00e7\u00e3o institucional, destinado a refor\u00e7ar a efic\u00e1cia da planifica\u00e7\u00e3o, a qualidade da monitoria e avalia\u00e7\u00e3o, e a coer\u00eancia das pol\u00edticas p\u00fablicas orientadas para um desenvolvimento inclusivo e sustent\u00e1vel.<\/p>\n","protected":false},"excerpt":{"rendered":"<p>I Conselho Coordenador do MPD Destaca Avan\u00e7os no FDEL e na Economia Nacional O I Conselho Coordenador do Minist\u00e9rio da Planifica\u00e7\u00e3o e Desenvolvimento (MPD), destacou, nesta quarta-feira, na cidade de Maputo, os avan\u00e7os significativos registados no \u00e2mbito do Fundo de Desenvolvimento Econ\u00f3mico Local (FDEL) e na economia nacional. Realizado sob o lema \u201cPor uma Planifica\u00e7\u00e3o Orientada para o Desenvolvimento Socioecon\u00f3mico Inclusivo e Sustent\u00e1vel\u201d, o encontro, que decorre de 03 a 05 de Dezembro, re\u00fane entre outros, &nbsp;dirigentes, t\u00e9cnicos e parceiros de coopera\u00e7\u00e3o, com o objectivo de analisar em conjunto, mat\u00e9rias estrat\u00e9gicas que moldam a vis\u00e3o e a ac\u00e7\u00e3o da institui\u00e7\u00e3o para os pr\u00f3ximos anos. Na sess\u00e3o de abertura, o Ministro da Planifica\u00e7\u00e3o e Desenvolvimento, Salim Cripton Val\u00e1, falou da Estrat\u00e9gia Nacional de Desenvolvimento (ENDE) 2025\u20132044 e do Programa Quinquenal do Governo (PQG) 2025\u20132029, tendo, no entanto, destacado que o FDEL recebeu cerca de 236 356 candidaturas para financiamento aos projectos submetidos em todo o Pa\u00eds. Para Val\u00e1, o FDEL representa um pilar estrat\u00e9gico para dinamizar o empreendedorismo, impulsionar a gera\u00e7\u00e3o de rendimentos e promover o emprego ao n\u00edvel local, com especial enfoque na juventude e nas pequenas e m\u00e9dias empresas. A juventude \u00e9 grupo-alvo priorit\u00e1rio do FDEL, a taxa de participa\u00e7\u00e3o \u00e9 de 52,3%, com destaque para a prov\u00edncia de Nampula com 25,06% e Niassa com 18,16%. A participa\u00e7\u00e3o feminina continua a inspirar a nossa aten\u00e7\u00e3o, situando-se em 36,8%, contra 63% de projectos submetidos por homens. Em termos provinciais, o destaque vai para Nampula que lidera em n\u00famero de candidaturas, com 24,3%, seguida de Niassa com 14,9%, Zamb\u00e9zia 12,4%, Inhambane 11,3%, Tete 10,3%, Sofala 10,2% e finalmente a prov\u00edncia de Manica com 9,9%, frisou. O governante afirmou que os projectos submetidos totalizam um valor global aproximado de 30 mil milh\u00f5es de meticais 469,3 milh\u00f5es de d\u00f3lares, sendo que a actividade comercial se destaca como principal \u00e1rea de interesse, absorvendo 39,9% das propostas. Seguem-se as actividades agr\u00edcolas, com 27,4%, a avicultura 8,7%, servi\u00e7os 6,99% e por fim a pecu\u00e1ria com 5,18%. O titular da planifica\u00e7\u00e3o e desenvolvimento, assegurou que neste momento, as comiss\u00f5es de Selec\u00e7\u00e3o de Projectos encontram-se a avaliar as candidaturas, segundo a fonte, foram j\u00e1 aprovados 233 projectos em tr\u00eas distritos e uma autarquia que \u00e9 Derre, na prov\u00edncia da Zamb\u00e9zia, Jangamo em Inhambane e Monapo j\u00e1 na prov\u00edncia de Nampula, incluindo o distrito e a autarquia. O valor m\u00e9dio atribu\u00eddo por projecto \u00e9 de 42 mil meticais (657 d\u00f3lares), com maior incid\u00eancia nas \u00e1reas de com\u00e9rcio, agricultura e pecu\u00e1ria. A iniciativa integra-se num ecossistema de financiamento produtivo que inclui tamb\u00e9m o Fundo de Garantia Mutu\u00e1ria, o Fundo de Recupera\u00e7\u00e3o Econ\u00f3mica, o Banco de Desenvolvimento e a Caixa Econ\u00f3mica, com o objectivo de refor\u00e7ar a sustentabilidade e a independ\u00eancia econ\u00f3mica nacional, salvaguardou o dirigente.Top of Form Segundo o dirigente, a previs\u00e3o \u00e9 de que at\u00e9 finais de Dezembro de 2025, a economia nacional recupere algum f\u00f4lego, depois dos efeitos das tens\u00f5es p\u00f3s-eleitorais, que se fizeram sentir no 4\u00ba trimestre de 2024 e 1\u00ba trimestre de 2025, tendo se registado uma contrac\u00e7\u00e3o de 3.9% no 1\u00ba Trimestre de 2025, seguida de uma contrac\u00e7\u00e3o de 0,9% no 2\u00ba trimestre e de 0,85% no 3\u00ba trimestre, contra uma previs\u00e3o de 2,9% constante no PESOE 2025. No que se refere aos pre\u00e7os, Salim Val\u00e1 disse que a previs\u00e3o \u00e9 de persist\u00eancia de estabilidade do n\u00edvel geral de pre\u00e7os, prevendo-se que a inflac\u00e7\u00e3o m\u00e9dia continue em 1 d\u00edgito em 2026, \u00e0 semelhan\u00e7a do ocorrido em 2025. Para 2026, a projec\u00e7\u00e3o inicial de crescimento do PIB fixada em 3,2%, poder\u00e1 ser revista em baixa, ficando na banda de 2,8%, garantiu. Em termos macroecon\u00f3micos, Val\u00e1 diz haver sinais bastante encorajadores. A inflac\u00e7\u00e3o, que chegou a n\u00edveis elevados no per\u00edodo p\u00f3s-pandemia, tem vindo a recuar, tendo sido de 4,8% em Outubro corrente, depois de em Setembro ter estado no patamar de 4,9%, o metical revelou relativa resili\u00eancia quando comparado com outras moedas, as reservas internacionais t\u00eam sido geridas com prud\u00eancia e o pa\u00eds tem procurado refor\u00e7ar a disciplina fiscal, num contexto em que o espa\u00e7o or\u00e7amental \u00e9 limitado e as necessidades sociais s\u00e3o grandes. O I Conselho Coordenador do MPD configura-se como um f\u00f3rum de reflex\u00e3o estrat\u00e9gica, coordena\u00e7\u00e3o t\u00e9cnica e harmoniza\u00e7\u00e3o institucional, destinado a refor\u00e7ar a efic\u00e1cia da planifica\u00e7\u00e3o, a qualidade da monitoria e avalia\u00e7\u00e3o, e a coer\u00eancia das pol\u00edticas p\u00fablicas orientadas para um desenvolvimento inclusivo e sustent\u00e1vel.<\/p>\n","protected":false},"author":2,"featured_media":1009,"comment_status":"open","ping_status":"open","sticky":false,"template":"","format":"standard","meta":{"footnotes":""},"categories":[21],"tags":[],"class_list":["post-1008","post","type-post","status-publish","format-standard","has-post-thumbnail","hentry","category-noticias"],"yoast_head":"<!-- This site is optimized with the Yoast SEO plugin v26.1.1 - https:\/\/yoast.com\/wordpress\/plugins\/seo\/ -->\n<title>I Conselho Coordenador do MPD Destaca Avan\u00e7os no FDEL e na Economia Nacional - Minist\u00e9rio da Planifica\u00e7\u00e3o e Desenvolvimento<\/title>\n<meta name=\"robots\" content=\"index, follow, max-snippet:-1, max-image-preview:large, max-video-preview:-1\" \/>\n<link rel=\"canonical\" href=\"https:\/\/mpd.gov.mz\/index.php\/2025\/12\/03\/i-conselho-coordenador-do-mpd-destaca-avancos-no-fdel-e-na-economia-nacional\/\" \/>\n<meta property=\"og:locale\" content=\"pt_BR\" \/>\n<meta property=\"og:type\" content=\"article\" \/>\n<meta property=\"og:title\" content=\"I Conselho Coordenador do MPD Destaca Avan\u00e7os no FDEL e na Economia Nacional - Minist\u00e9rio da Planifica\u00e7\u00e3o e Desenvolvimento\" \/>\n<meta property=\"og:description\" content=\"I Conselho Coordenador do MPD Destaca Avan\u00e7os no FDEL e na Economia Nacional O I Conselho Coordenador do Minist\u00e9rio da Planifica\u00e7\u00e3o e Desenvolvimento (MPD), destacou, nesta quarta-feira, na cidade de Maputo, os avan\u00e7os significativos registados no \u00e2mbito do Fundo de Desenvolvimento Econ\u00f3mico Local (FDEL) e na economia nacional. Realizado sob o lema \u201cPor uma Planifica\u00e7\u00e3o Orientada para o Desenvolvimento Socioecon\u00f3mico Inclusivo e Sustent\u00e1vel\u201d, o encontro, que decorre de 03 a 05 de Dezembro, re\u00fane entre outros, &nbsp;dirigentes, t\u00e9cnicos e parceiros de coopera\u00e7\u00e3o, com o objectivo de analisar em conjunto, mat\u00e9rias estrat\u00e9gicas que moldam a vis\u00e3o e a ac\u00e7\u00e3o da institui\u00e7\u00e3o para os pr\u00f3ximos anos. Na sess\u00e3o de abertura, o Ministro da Planifica\u00e7\u00e3o e Desenvolvimento, Salim Cripton Val\u00e1, falou da Estrat\u00e9gia Nacional de Desenvolvimento (ENDE) 2025\u20132044 e do Programa Quinquenal do Governo (PQG) 2025\u20132029, tendo, no entanto, destacado que o FDEL recebeu cerca de 236 356 candidaturas para financiamento aos projectos submetidos em todo o Pa\u00eds. Para Val\u00e1, o FDEL representa um pilar estrat\u00e9gico para dinamizar o empreendedorismo, impulsionar a gera\u00e7\u00e3o de rendimentos e promover o emprego ao n\u00edvel local, com especial enfoque na juventude e nas pequenas e m\u00e9dias empresas. A juventude \u00e9 grupo-alvo priorit\u00e1rio do FDEL, a taxa de participa\u00e7\u00e3o \u00e9 de 52,3%, com destaque para a prov\u00edncia de Nampula com 25,06% e Niassa com 18,16%. A participa\u00e7\u00e3o feminina continua a inspirar a nossa aten\u00e7\u00e3o, situando-se em 36,8%, contra 63% de projectos submetidos por homens. Em termos provinciais, o destaque vai para Nampula que lidera em n\u00famero de candidaturas, com 24,3%, seguida de Niassa com 14,9%, Zamb\u00e9zia 12,4%, Inhambane 11,3%, Tete 10,3%, Sofala 10,2% e finalmente a prov\u00edncia de Manica com 9,9%, frisou. O governante afirmou que os projectos submetidos totalizam um valor global aproximado de 30 mil milh\u00f5es de meticais 469,3 milh\u00f5es de d\u00f3lares, sendo que a actividade comercial se destaca como principal \u00e1rea de interesse, absorvendo 39,9% das propostas. Seguem-se as actividades agr\u00edcolas, com 27,4%, a avicultura 8,7%, servi\u00e7os 6,99% e por fim a pecu\u00e1ria com 5,18%. O titular da planifica\u00e7\u00e3o e desenvolvimento, assegurou que neste momento, as comiss\u00f5es de Selec\u00e7\u00e3o de Projectos encontram-se a avaliar as candidaturas, segundo a fonte, foram j\u00e1 aprovados 233 projectos em tr\u00eas distritos e uma autarquia que \u00e9 Derre, na prov\u00edncia da Zamb\u00e9zia, Jangamo em Inhambane e Monapo j\u00e1 na prov\u00edncia de Nampula, incluindo o distrito e a autarquia. O valor m\u00e9dio atribu\u00eddo por projecto \u00e9 de 42 mil meticais (657 d\u00f3lares), com maior incid\u00eancia nas \u00e1reas de com\u00e9rcio, agricultura e pecu\u00e1ria. A iniciativa integra-se num ecossistema de financiamento produtivo que inclui tamb\u00e9m o Fundo de Garantia Mutu\u00e1ria, o Fundo de Recupera\u00e7\u00e3o Econ\u00f3mica, o Banco de Desenvolvimento e a Caixa Econ\u00f3mica, com o objectivo de refor\u00e7ar a sustentabilidade e a independ\u00eancia econ\u00f3mica nacional, salvaguardou o dirigente.Top of Form Segundo o dirigente, a previs\u00e3o \u00e9 de que at\u00e9 finais de Dezembro de 2025, a economia nacional recupere algum f\u00f4lego, depois dos efeitos das tens\u00f5es p\u00f3s-eleitorais, que se fizeram sentir no 4\u00ba trimestre de 2024 e 1\u00ba trimestre de 2025, tendo se registado uma contrac\u00e7\u00e3o de 3.9% no 1\u00ba Trimestre de 2025, seguida de uma contrac\u00e7\u00e3o de 0,9% no 2\u00ba trimestre e de 0,85% no 3\u00ba trimestre, contra uma previs\u00e3o de 2,9% constante no PESOE 2025. No que se refere aos pre\u00e7os, Salim Val\u00e1 disse que a previs\u00e3o \u00e9 de persist\u00eancia de estabilidade do n\u00edvel geral de pre\u00e7os, prevendo-se que a inflac\u00e7\u00e3o m\u00e9dia continue em 1 d\u00edgito em 2026, \u00e0 semelhan\u00e7a do ocorrido em 2025. Para 2026, a projec\u00e7\u00e3o inicial de crescimento do PIB fixada em 3,2%, poder\u00e1 ser revista em baixa, ficando na banda de 2,8%, garantiu. Em termos macroecon\u00f3micos, Val\u00e1 diz haver sinais bastante encorajadores. A inflac\u00e7\u00e3o, que chegou a n\u00edveis elevados no per\u00edodo p\u00f3s-pandemia, tem vindo a recuar, tendo sido de 4,8% em Outubro corrente, depois de em Setembro ter estado no patamar de 4,9%, o metical revelou relativa resili\u00eancia quando comparado com outras moedas, as reservas internacionais t\u00eam sido geridas com prud\u00eancia e o pa\u00eds tem procurado refor\u00e7ar a disciplina fiscal, num contexto em que o espa\u00e7o or\u00e7amental \u00e9 limitado e as necessidades sociais s\u00e3o grandes. O I Conselho Coordenador do MPD configura-se como um f\u00f3rum de reflex\u00e3o estrat\u00e9gica, coordena\u00e7\u00e3o t\u00e9cnica e harmoniza\u00e7\u00e3o institucional, destinado a refor\u00e7ar a efic\u00e1cia da planifica\u00e7\u00e3o, a qualidade da monitoria e avalia\u00e7\u00e3o, e a coer\u00eancia das pol\u00edticas p\u00fablicas orientadas para um desenvolvimento inclusivo e sustent\u00e1vel.\" \/>\n<meta property=\"og:url\" content=\"https:\/\/mpd.gov.mz\/index.php\/2025\/12\/03\/i-conselho-coordenador-do-mpd-destaca-avancos-no-fdel-e-na-economia-nacional\/\" \/>\n<meta property=\"og:site_name\" content=\"Minist\u00e9rio da Planifica\u00e7\u00e3o e Desenvolvimento\" \/>\n<meta property=\"article:published_time\" content=\"2025-12-03T15:11:59+00:00\" \/>\n<meta property=\"article:modified_time\" content=\"2025-12-03T15:41:13+00:00\" \/>\n<meta property=\"og:image\" content=\"https:\/\/mpd.gov.mz\/wp-content\/uploads\/2025\/12\/IMG_0002.jpg\" \/>\n\t<meta property=\"og:image:width\" content=\"800\" \/>\n\t<meta property=\"og:image:height\" content=\"600\" \/>\n\t<meta property=\"og:image:type\" content=\"image\/jpeg\" \/>\n<meta name=\"author\" content=\"Hermenegildo Maquina\" \/>\n<meta name=\"twitter:card\" content=\"summary_large_image\" \/>\n<meta name=\"twitter:label1\" content=\"Escrito por\" \/>\n\t<meta name=\"twitter:data1\" content=\"Hermenegildo Maquina\" \/>\n\t<meta name=\"twitter:label2\" content=\"Est. tempo de leitura\" \/>\n\t<meta name=\"twitter:data2\" content=\"5 minutos\" \/>\n<script type=\"application\/ld+json\" class=\"yoast-schema-graph\">{\"@context\":\"https:\/\/schema.org\",\"@graph\":[{\"@type\":\"Article\",\"@id\":\"https:\/\/mpd.gov.mz\/index.php\/2025\/12\/03\/i-conselho-coordenador-do-mpd-destaca-avancos-no-fdel-e-na-economia-nacional\/#article\",\"isPartOf\":{\"@id\":\"https:\/\/mpd.gov.mz\/index.php\/2025\/12\/03\/i-conselho-coordenador-do-mpd-destaca-avancos-no-fdel-e-na-economia-nacional\/\"},\"author\":{\"name\":\"Hermenegildo Maquina\",\"@id\":\"https:\/\/mpd.gov.mz\/#\/schema\/person\/68b27d994a4e959b869e600df8c9191f\"},\"headline\":\"I Conselho Coordenador do MPD Destaca Avan\u00e7os no FDEL e na Economia Nacional\",\"datePublished\":\"2025-12-03T15:11:59+00:00\",\"dateModified\":\"2025-12-03T15:41:13+00:00\",\"mainEntityOfPage\":{\"@id\":\"https:\/\/mpd.gov.mz\/index.php\/2025\/12\/03\/i-conselho-coordenador-do-mpd-destaca-avancos-no-fdel-e-na-economia-nacional\/\"},\"wordCount\":783,\"commentCount\":0,\"publisher\":{\"@id\":\"https:\/\/mpd.gov.mz\/#organization\"},\"image\":{\"@id\":\"https:\/\/mpd.gov.mz\/index.php\/2025\/12\/03\/i-conselho-coordenador-do-mpd-destaca-avancos-no-fdel-e-na-economia-nacional\/#primaryimage\"},\"thumbnailUrl\":\"https:\/\/mpd.gov.mz\/wp-content\/uploads\/2025\/12\/IMG_0002.jpg\",\"articleSection\":[\"Noticias\"],\"inLanguage\":\"pt-BR\",\"potentialAction\":[{\"@type\":\"CommentAction\",\"name\":\"Comment\",\"target\":[\"https:\/\/mpd.gov.mz\/index.php\/2025\/12\/03\/i-conselho-coordenador-do-mpd-destaca-avancos-no-fdel-e-na-economia-nacional\/#respond\"]}]},{\"@type\":\"WebPage\",\"@id\":\"https:\/\/mpd.gov.mz\/index.php\/2025\/12\/03\/i-conselho-coordenador-do-mpd-destaca-avancos-no-fdel-e-na-economia-nacional\/\",\"url\":\"https:\/\/mpd.gov.mz\/index.php\/2025\/12\/03\/i-conselho-coordenador-do-mpd-destaca-avancos-no-fdel-e-na-economia-nacional\/\",\"name\":\"I Conselho Coordenador do MPD Destaca Avan\u00e7os no FDEL e na Economia Nacional - Minist\u00e9rio da Planifica\u00e7\u00e3o e Desenvolvimento\",\"isPartOf\":{\"@id\":\"https:\/\/mpd.gov.mz\/#website\"},\"primaryImageOfPage\":{\"@id\":\"https:\/\/mpd.gov.mz\/index.php\/2025\/12\/03\/i-conselho-coordenador-do-mpd-destaca-avancos-no-fdel-e-na-economia-nacional\/#primaryimage\"},\"image\":{\"@id\":\"https:\/\/mpd.gov.mz\/index.php\/2025\/12\/03\/i-conselho-coordenador-do-mpd-destaca-avancos-no-fdel-e-na-economia-nacional\/#primaryimage\"},\"thumbnailUrl\":\"https:\/\/mpd.gov.mz\/wp-content\/uploads\/2025\/12\/IMG_0002.jpg\",\"datePublished\":\"2025-12-03T15:11:59+00:00\",\"dateModified\":\"2025-12-03T15:41:13+00:00\",\"breadcrumb\":{\"@id\":\"https:\/\/mpd.gov.mz\/index.php\/2025\/12\/03\/i-conselho-coordenador-do-mpd-destaca-avancos-no-fdel-e-na-economia-nacional\/#breadcrumb\"},\"inLanguage\":\"pt-BR\",\"potentialAction\":[{\"@type\":\"ReadAction\",\"target\":[\"https:\/\/mpd.gov.mz\/index.php\/2025\/12\/03\/i-conselho-coordenador-do-mpd-destaca-avancos-no-fdel-e-na-economia-nacional\/\"]}]},{\"@type\":\"ImageObject\",\"inLanguage\":\"pt-BR\",\"@id\":\"https:\/\/mpd.gov.mz\/index.php\/2025\/12\/03\/i-conselho-coordenador-do-mpd-destaca-avancos-no-fdel-e-na-economia-nacional\/#primaryimage\",\"url\":\"https:\/\/mpd.gov.mz\/wp-content\/uploads\/2025\/12\/IMG_0002.jpg\",\"contentUrl\":\"https:\/\/mpd.gov.mz\/wp-content\/uploads\/2025\/12\/IMG_0002.jpg\",\"width\":5184,\"height\":3888},{\"@type\":\"BreadcrumbList\",\"@id\":\"https:\/\/mpd.gov.mz\/index.php\/2025\/12\/03\/i-conselho-coordenador-do-mpd-destaca-avancos-no-fdel-e-na-economia-nacional\/#breadcrumb\",\"itemListElement\":[{\"@type\":\"ListItem\",\"position\":1,\"name\":\"In\u00edcio\",\"item\":\"https:\/\/mpd.gov.mz\/\"},{\"@type\":\"ListItem\",\"position\":2,\"name\":\"I Conselho Coordenador do MPD Destaca Avan\u00e7os no FDEL e na Economia Nacional\"}]},{\"@type\":\"WebSite\",\"@id\":\"https:\/\/mpd.gov.mz\/#website\",\"url\":\"https:\/\/mpd.gov.mz\/\",\"name\":\"Minist\u00e9rio da Planifica\u00e7\u00e3o e Desenvolvimento\",\"description\":\"\",\"publisher\":{\"@id\":\"https:\/\/mpd.gov.mz\/#organization\"},\"potentialAction\":[{\"@type\":\"SearchAction\",\"target\":{\"@type\":\"EntryPoint\",\"urlTemplate\":\"https:\/\/mpd.gov.mz\/?s={search_term_string}\"},\"query-input\":{\"@type\":\"PropertyValueSpecification\",\"valueRequired\":true,\"valueName\":\"search_term_string\"}}],\"inLanguage\":\"pt-BR\"},{\"@type\":\"Organization\",\"@id\":\"https:\/\/mpd.gov.mz\/#organization\",\"name\":\"Minist\u00e9rio da Planifica\u00e7\u00e3o e Desenvolvimento\",\"url\":\"https:\/\/mpd.gov.mz\/\",\"logo\":{\"@type\":\"ImageObject\",\"inLanguage\":\"pt-BR\",\"@id\":\"https:\/\/mpd.gov.mz\/#\/schema\/logo\/image\/\",\"url\":\"https:\/\/mpd.gov.mz\/wp-content\/uploads\/2025\/10\/Emblem_of_Mozambique.svg.png\",\"contentUrl\":\"https:\/\/mpd.gov.mz\/wp-content\/uploads\/2025\/10\/Emblem_of_Mozambique.svg.png\",\"width\":1897,\"height\":2049,\"caption\":\"Minist\u00e9rio da Planifica\u00e7\u00e3o e Desenvolvimento\"},\"image\":{\"@id\":\"https:\/\/mpd.gov.mz\/#\/schema\/logo\/image\/\"}},{\"@type\":\"Person\",\"@id\":\"https:\/\/mpd.gov.mz\/#\/schema\/person\/68b27d994a4e959b869e600df8c9191f\",\"name\":\"Hermenegildo Maquina\",\"image\":{\"@type\":\"ImageObject\",\"inLanguage\":\"pt-BR\",\"@id\":\"https:\/\/mpd.gov.mz\/#\/schema\/person\/image\/\",\"url\":\"https:\/\/secure.gravatar.com\/avatar\/d23b64cffea0207421c08baa3a1b2b04f4ff15f04ecfdf92a4ddbae42a046ea0?s=96&d=mm&r=g\",\"contentUrl\":\"https:\/\/secure.gravatar.com\/avatar\/d23b64cffea0207421c08baa3a1b2b04f4ff15f04ecfdf92a4ddbae42a046ea0?s=96&d=mm&r=g\",\"caption\":\"Hermenegildo Maquina\"},\"sameAs\":[\"https:\/\/mpd.gov.mz\"],\"url\":\"https:\/\/mpd.gov.mz\/index.php\/author\/hermenegildo-maquina\/\"}]}<\/script>\n<!-- \/ Yoast SEO plugin. -->","yoast_head_json":{"title":"I Conselho Coordenador do MPD Destaca Avan\u00e7os no FDEL e na Economia Nacional - Minist\u00e9rio da Planifica\u00e7\u00e3o e Desenvolvimento","robots":{"index":"index","follow":"follow","max-snippet":"max-snippet:-1","max-image-preview":"max-image-preview:large","max-video-preview":"max-video-preview:-1"},"canonical":"https:\/\/mpd.gov.mz\/index.php\/2025\/12\/03\/i-conselho-coordenador-do-mpd-destaca-avancos-no-fdel-e-na-economia-nacional\/","og_locale":"pt_BR","og_type":"article","og_title":"I Conselho Coordenador do MPD Destaca Avan\u00e7os no FDEL e na Economia Nacional - Minist\u00e9rio da Planifica\u00e7\u00e3o e Desenvolvimento","og_description":"I Conselho Coordenador do MPD Destaca Avan\u00e7os no FDEL e na Economia Nacional O I Conselho Coordenador do Minist\u00e9rio da Planifica\u00e7\u00e3o e Desenvolvimento (MPD), destacou, nesta quarta-feira, na cidade de Maputo, os avan\u00e7os significativos registados no \u00e2mbito do Fundo de Desenvolvimento Econ\u00f3mico Local (FDEL) e na economia nacional. Realizado sob o lema \u201cPor uma Planifica\u00e7\u00e3o Orientada para o Desenvolvimento Socioecon\u00f3mico Inclusivo e Sustent\u00e1vel\u201d, o encontro, que decorre de 03 a 05 de Dezembro, re\u00fane entre outros, &nbsp;dirigentes, t\u00e9cnicos e parceiros de coopera\u00e7\u00e3o, com o objectivo de analisar em conjunto, mat\u00e9rias estrat\u00e9gicas que moldam a vis\u00e3o e a ac\u00e7\u00e3o da institui\u00e7\u00e3o para os pr\u00f3ximos anos. Na sess\u00e3o de abertura, o Ministro da Planifica\u00e7\u00e3o e Desenvolvimento, Salim Cripton Val\u00e1, falou da Estrat\u00e9gia Nacional de Desenvolvimento (ENDE) 2025\u20132044 e do Programa Quinquenal do Governo (PQG) 2025\u20132029, tendo, no entanto, destacado que o FDEL recebeu cerca de 236 356 candidaturas para financiamento aos projectos submetidos em todo o Pa\u00eds. Para Val\u00e1, o FDEL representa um pilar estrat\u00e9gico para dinamizar o empreendedorismo, impulsionar a gera\u00e7\u00e3o de rendimentos e promover o emprego ao n\u00edvel local, com especial enfoque na juventude e nas pequenas e m\u00e9dias empresas. A juventude \u00e9 grupo-alvo priorit\u00e1rio do FDEL, a taxa de participa\u00e7\u00e3o \u00e9 de 52,3%, com destaque para a prov\u00edncia de Nampula com 25,06% e Niassa com 18,16%. A participa\u00e7\u00e3o feminina continua a inspirar a nossa aten\u00e7\u00e3o, situando-se em 36,8%, contra 63% de projectos submetidos por homens. Em termos provinciais, o destaque vai para Nampula que lidera em n\u00famero de candidaturas, com 24,3%, seguida de Niassa com 14,9%, Zamb\u00e9zia 12,4%, Inhambane 11,3%, Tete 10,3%, Sofala 10,2% e finalmente a prov\u00edncia de Manica com 9,9%, frisou. O governante afirmou que os projectos submetidos totalizam um valor global aproximado de 30 mil milh\u00f5es de meticais 469,3 milh\u00f5es de d\u00f3lares, sendo que a actividade comercial se destaca como principal \u00e1rea de interesse, absorvendo 39,9% das propostas. Seguem-se as actividades agr\u00edcolas, com 27,4%, a avicultura 8,7%, servi\u00e7os 6,99% e por fim a pecu\u00e1ria com 5,18%. O titular da planifica\u00e7\u00e3o e desenvolvimento, assegurou que neste momento, as comiss\u00f5es de Selec\u00e7\u00e3o de Projectos encontram-se a avaliar as candidaturas, segundo a fonte, foram j\u00e1 aprovados 233 projectos em tr\u00eas distritos e uma autarquia que \u00e9 Derre, na prov\u00edncia da Zamb\u00e9zia, Jangamo em Inhambane e Monapo j\u00e1 na prov\u00edncia de Nampula, incluindo o distrito e a autarquia. O valor m\u00e9dio atribu\u00eddo por projecto \u00e9 de 42 mil meticais (657 d\u00f3lares), com maior incid\u00eancia nas \u00e1reas de com\u00e9rcio, agricultura e pecu\u00e1ria. A iniciativa integra-se num ecossistema de financiamento produtivo que inclui tamb\u00e9m o Fundo de Garantia Mutu\u00e1ria, o Fundo de Recupera\u00e7\u00e3o Econ\u00f3mica, o Banco de Desenvolvimento e a Caixa Econ\u00f3mica, com o objectivo de refor\u00e7ar a sustentabilidade e a independ\u00eancia econ\u00f3mica nacional, salvaguardou o dirigente.Top of Form Segundo o dirigente, a previs\u00e3o \u00e9 de que at\u00e9 finais de Dezembro de 2025, a economia nacional recupere algum f\u00f4lego, depois dos efeitos das tens\u00f5es p\u00f3s-eleitorais, que se fizeram sentir no 4\u00ba trimestre de 2024 e 1\u00ba trimestre de 2025, tendo se registado uma contrac\u00e7\u00e3o de 3.9% no 1\u00ba Trimestre de 2025, seguida de uma contrac\u00e7\u00e3o de 0,9% no 2\u00ba trimestre e de 0,85% no 3\u00ba trimestre, contra uma previs\u00e3o de 2,9% constante no PESOE 2025. No que se refere aos pre\u00e7os, Salim Val\u00e1 disse que a previs\u00e3o \u00e9 de persist\u00eancia de estabilidade do n\u00edvel geral de pre\u00e7os, prevendo-se que a inflac\u00e7\u00e3o m\u00e9dia continue em 1 d\u00edgito em 2026, \u00e0 semelhan\u00e7a do ocorrido em 2025. Para 2026, a projec\u00e7\u00e3o inicial de crescimento do PIB fixada em 3,2%, poder\u00e1 ser revista em baixa, ficando na banda de 2,8%, garantiu. Em termos macroecon\u00f3micos, Val\u00e1 diz haver sinais bastante encorajadores. A inflac\u00e7\u00e3o, que chegou a n\u00edveis elevados no per\u00edodo p\u00f3s-pandemia, tem vindo a recuar, tendo sido de 4,8% em Outubro corrente, depois de em Setembro ter estado no patamar de 4,9%, o metical revelou relativa resili\u00eancia quando comparado com outras moedas, as reservas internacionais t\u00eam sido geridas com prud\u00eancia e o pa\u00eds tem procurado refor\u00e7ar a disciplina fiscal, num contexto em que o espa\u00e7o or\u00e7amental \u00e9 limitado e as necessidades sociais s\u00e3o grandes. O I Conselho Coordenador do MPD configura-se como um f\u00f3rum de reflex\u00e3o estrat\u00e9gica, coordena\u00e7\u00e3o t\u00e9cnica e harmoniza\u00e7\u00e3o institucional, destinado a refor\u00e7ar a efic\u00e1cia da planifica\u00e7\u00e3o, a qualidade da monitoria e avalia\u00e7\u00e3o, e a coer\u00eancia das pol\u00edticas p\u00fablicas orientadas para um desenvolvimento inclusivo e sustent\u00e1vel.","og_url":"https:\/\/mpd.gov.mz\/index.php\/2025\/12\/03\/i-conselho-coordenador-do-mpd-destaca-avancos-no-fdel-e-na-economia-nacional\/","og_site_name":"Minist\u00e9rio da Planifica\u00e7\u00e3o e Desenvolvimento","article_published_time":"2025-12-03T15:11:59+00:00","article_modified_time":"2025-12-03T15:41:13+00:00","og_image":[{"url":"https:\/\/mpd.gov.mz\/wp-content\/uploads\/2025\/12\/IMG_0002.jpg","width":800,"height":600,"type":"image\/jpeg"}],"author":"Hermenegildo Maquina","twitter_card":"summary_large_image","twitter_misc":{"Escrito por":"Hermenegildo Maquina","Est. tempo de leitura":"5 minutos"},"schema":{"@context":"https:\/\/schema.org","@graph":[{"@type":"Article","@id":"https:\/\/mpd.gov.mz\/index.php\/2025\/12\/03\/i-conselho-coordenador-do-mpd-destaca-avancos-no-fdel-e-na-economia-nacional\/#article","isPartOf":{"@id":"https:\/\/mpd.gov.mz\/index.php\/2025\/12\/03\/i-conselho-coordenador-do-mpd-destaca-avancos-no-fdel-e-na-economia-nacional\/"},"author":{"name":"Hermenegildo Maquina","@id":"https:\/\/mpd.gov.mz\/#\/schema\/person\/68b27d994a4e959b869e600df8c9191f"},"headline":"I Conselho Coordenador do MPD Destaca Avan\u00e7os no FDEL e na Economia Nacional","datePublished":"2025-12-03T15:11:59+00:00","dateModified":"2025-12-03T15:41:13+00:00","mainEntityOfPage":{"@id":"https:\/\/mpd.gov.mz\/index.php\/2025\/12\/03\/i-conselho-coordenador-do-mpd-destaca-avancos-no-fdel-e-na-economia-nacional\/"},"wordCount":783,"commentCount":0,"publisher":{"@id":"https:\/\/mpd.gov.mz\/#organization"},"image":{"@id":"https:\/\/mpd.gov.mz\/index.php\/2025\/12\/03\/i-conselho-coordenador-do-mpd-destaca-avancos-no-fdel-e-na-economia-nacional\/#primaryimage"},"thumbnailUrl":"https:\/\/mpd.gov.mz\/wp-content\/uploads\/2025\/12\/IMG_0002.jpg","articleSection":["Noticias"],"inLanguage":"pt-BR","potentialAction":[{"@type":"CommentAction","name":"Comment","target":["https:\/\/mpd.gov.mz\/index.php\/2025\/12\/03\/i-conselho-coordenador-do-mpd-destaca-avancos-no-fdel-e-na-economia-nacional\/#respond"]}]},{"@type":"WebPage","@id":"https:\/\/mpd.gov.mz\/index.php\/2025\/12\/03\/i-conselho-coordenador-do-mpd-destaca-avancos-no-fdel-e-na-economia-nacional\/","url":"https:\/\/mpd.gov.mz\/index.php\/2025\/12\/03\/i-conselho-coordenador-do-mpd-destaca-avancos-no-fdel-e-na-economia-nacional\/","name":"I Conselho Coordenador do MPD Destaca Avan\u00e7os no FDEL e na Economia Nacional - Minist\u00e9rio da Planifica\u00e7\u00e3o e Desenvolvimento","isPartOf":{"@id":"https:\/\/mpd.gov.mz\/#website"},"primaryImageOfPage":{"@id":"https:\/\/mpd.gov.mz\/index.php\/2025\/12\/03\/i-conselho-coordenador-do-mpd-destaca-avancos-no-fdel-e-na-economia-nacional\/#primaryimage"},"image":{"@id":"https:\/\/mpd.gov.mz\/index.php\/2025\/12\/03\/i-conselho-coordenador-do-mpd-destaca-avancos-no-fdel-e-na-economia-nacional\/#primaryimage"},"thumbnailUrl":"https:\/\/mpd.gov.mz\/wp-content\/uploads\/2025\/12\/IMG_0002.jpg","datePublished":"2025-12-03T15:11:59+00:00","dateModified":"2025-12-03T15:41:13+00:00","breadcrumb":{"@id":"https:\/\/mpd.gov.mz\/index.php\/2025\/12\/03\/i-conselho-coordenador-do-mpd-destaca-avancos-no-fdel-e-na-economia-nacional\/#breadcrumb"},"inLanguage":"pt-BR","potentialAction":[{"@type":"ReadAction","target":["https:\/\/mpd.gov.mz\/index.php\/2025\/12\/03\/i-conselho-coordenador-do-mpd-destaca-avancos-no-fdel-e-na-economia-nacional\/"]}]},{"@type":"ImageObject","inLanguage":"pt-BR","@id":"https:\/\/mpd.gov.mz\/index.php\/2025\/12\/03\/i-conselho-coordenador-do-mpd-destaca-avancos-no-fdel-e-na-economia-nacional\/#primaryimage","url":"https:\/\/mpd.gov.mz\/wp-content\/uploads\/2025\/12\/IMG_0002.jpg","contentUrl":"https:\/\/mpd.gov.mz\/wp-content\/uploads\/2025\/12\/IMG_0002.jpg","width":5184,"height":3888},{"@type":"BreadcrumbList","@id":"https:\/\/mpd.gov.mz\/index.php\/2025\/12\/03\/i-conselho-coordenador-do-mpd-destaca-avancos-no-fdel-e-na-economia-nacional\/#breadcrumb","itemListElement":[{"@type":"ListItem","position":1,"name":"In\u00edcio","item":"https:\/\/mpd.gov.mz\/"},{"@type":"ListItem","position":2,"name":"I Conselho Coordenador do MPD Destaca Avan\u00e7os no FDEL e na Economia Nacional"}]},{"@type":"WebSite","@id":"https:\/\/mpd.gov.mz\/#website","url":"https:\/\/mpd.gov.mz\/","name":"Minist\u00e9rio da Planifica\u00e7\u00e3o e Desenvolvimento","description":"","publisher":{"@id":"https:\/\/mpd.gov.mz\/#organization"},"potentialAction":[{"@type":"SearchAction","target":{"@type":"EntryPoint","urlTemplate":"https:\/\/mpd.gov.mz\/?s={search_term_string}"},"query-input":{"@type":"PropertyValueSpecification","valueRequired":true,"valueName":"search_term_string"}}],"inLanguage":"pt-BR"},{"@type":"Organization","@id":"https:\/\/mpd.gov.mz\/#organization","name":"Minist\u00e9rio da Planifica\u00e7\u00e3o e Desenvolvimento","url":"https:\/\/mpd.gov.mz\/","logo":{"@type":"ImageObject","inLanguage":"pt-BR","@id":"https:\/\/mpd.gov.mz\/#\/schema\/logo\/image\/","url":"https:\/\/mpd.gov.mz\/wp-content\/uploads\/2025\/10\/Emblem_of_Mozambique.svg.png","contentUrl":"https:\/\/mpd.gov.mz\/wp-content\/uploads\/2025\/10\/Emblem_of_Mozambique.svg.png","width":1897,"height":2049,"caption":"Minist\u00e9rio da Planifica\u00e7\u00e3o e Desenvolvimento"},"image":{"@id":"https:\/\/mpd.gov.mz\/#\/schema\/logo\/image\/"}},{"@type":"Person","@id":"https:\/\/mpd.gov.mz\/#\/schema\/person\/68b27d994a4e959b869e600df8c9191f","name":"Hermenegildo Maquina","image":{"@type":"ImageObject","inLanguage":"pt-BR","@id":"https:\/\/mpd.gov.mz\/#\/schema\/person\/image\/","url":"https:\/\/secure.gravatar.com\/avatar\/d23b64cffea0207421c08baa3a1b2b04f4ff15f04ecfdf92a4ddbae42a046ea0?s=96&d=mm&r=g","contentUrl":"https:\/\/secure.gravatar.com\/avatar\/d23b64cffea0207421c08baa3a1b2b04f4ff15f04ecfdf92a4ddbae42a046ea0?s=96&d=mm&r=g","caption":"Hermenegildo Maquina"},"sameAs":["https:\/\/mpd.gov.mz"],"url":"https:\/\/mpd.gov.mz\/index.php\/author\/hermenegildo-maquina\/"}]}},"_links":{"self":[{"href":"https:\/\/mpd.gov.mz\/index.php\/wp-json\/wp\/v2\/posts\/1008","targetHints":{"allow":["GET"]}}],"collection":[{"href":"https:\/\/mpd.gov.mz\/index.php\/wp-json\/wp\/v2\/posts"}],"about":[{"href":"https:\/\/mpd.gov.mz\/index.php\/wp-json\/wp\/v2\/types\/post"}],"author":[{"embeddable":true,"href":"https:\/\/mpd.gov.mz\/index.php\/wp-json\/wp\/v2\/users\/2"}],"replies":[{"embeddable":true,"href":"https:\/\/mpd.gov.mz\/index.php\/wp-json\/wp\/v2\/comments?post=1008"}],"version-history":[{"count":1,"href":"https:\/\/mpd.gov.mz\/index.php\/wp-json\/wp\/v2\/posts\/1008\/revisions"}],"predecessor-version":[{"id":1012,"href":"https:\/\/mpd.gov.mz\/index.php\/wp-json\/wp\/v2\/posts\/1008\/revisions\/1012"}],"wp:featuredmedia":[{"embeddable":true,"href":"https:\/\/mpd.gov.mz\/index.php\/wp-json\/wp\/v2\/media\/1009"}],"wp:attachment":[{"href":"https:\/\/mpd.gov.mz\/index.php\/wp-json\/wp\/v2\/media?parent=1008"}],"wp:term":[{"taxonomy":"category","embeddable":true,"href":"https:\/\/mpd.gov.mz\/index.php\/wp-json\/wp\/v2\/categories?post=1008"},{"taxonomy":"post_tag","embeddable":true,"href":"https:\/\/mpd.gov.mz\/index.php\/wp-json\/wp\/v2\/tags?post=1008"}],"curies":[{"name":"wp","href":"https:\/\/api.w.org\/{rel}","templated":true}]}}