{"id":1033,"date":"2025-12-30T08:07:35","date_gmt":"2025-12-30T08:07:35","guid":{"rendered":"https:\/\/mpd.gov.mz\/?p=1033"},"modified":"2025-12-30T08:18:42","modified_gmt":"2025-12-30T08:18:42","slug":"o-valor-estrategico-do-conselho-coordenador-na-consolidacao-da-governacao-e-da-visao-de-futuro-do-mpd","status":"publish","type":"post","link":"https:\/\/mpd.gov.mz\/index.php\/2025\/12\/30\/o-valor-estrategico-do-conselho-coordenador-na-consolidacao-da-governacao-e-da-visao-de-futuro-do-mpd\/","title":{"rendered":"O Valor Estrat\u00e9gico Do Conselho Coordenador Na Consolida\u00e7\u00e3o Da Governa\u00e7\u00e3o E Da Vis\u00e3o De Futuro Do MPD"},"content":{"rendered":"\n<p>A realiza\u00e7\u00e3o do I Conselho Coordenador do Minist\u00e9rio da Planifica\u00e7\u00e3o e Desenvolvimento (MPD) representou mais do que um exerc\u00edcio de balan\u00e7o institucional. O encontro afirmou-se como um <strong>instrumento estrat\u00e9gico de governa\u00e7\u00e3o<\/strong>, orientado para alinhar vis\u00f5es, consolidar prioridades e projectar o papel do MPD num contexto de transforma\u00e7\u00e3o econ\u00f3mica, desafios fiscais e exig\u00eancias crescentes de desenvolvimento inclusivo e sustent\u00e1vel.<\/p>\n\n\n\n<p>Ao longo dos tr\u00eas dias de trabalhos, ficou evidente que o Conselho Coordenador foi concebido como um espa\u00e7o de articula\u00e7\u00e3o entre diagn\u00f3stico, decis\u00e3o e orienta\u00e7\u00e3o estrat\u00e9gica, permitindo ao MPD refor\u00e7ar a sua fun\u00e7\u00e3o central enquanto arquitecto da coer\u00eancia das pol\u00edticas p\u00fablicas e guardi\u00e3o da vis\u00e3o de longo prazo do desenvolvimento nacional.<\/p>\n\n\n\n<p><strong>O Conselho Coordenador Como Instrumento De Governa\u00e7\u00e3o Estrat\u00e9gica<\/strong><\/p>\n\n\n\n<p>O formato adoptado \u2014 combinando sess\u00f5es plen\u00e1rias, debates t\u00e9cnicos, trabalhos de grupo, escuta de parceiros externos e momentos de s\u00edntese \u2014 permitiu transformar o Conselho num verdadeiro <strong>mecanismo de coordena\u00e7\u00e3o estrat\u00e9gica<\/strong>, indo al\u00e9m da partilha de informa\u00e7\u00e3o e promovendo alinhamento efectivo entre n\u00edveis central, sectorial e territorial.<\/p>\n\n\n\n<p>Este modelo refor\u00e7ou a compreens\u00e3o de que a governa\u00e7\u00e3o econ\u00f3mica eficaz exige processos estruturados de concerta\u00e7\u00e3o, capazes de integrar diferentes perspectivas institucionais e sociais, e de traduzir orienta\u00e7\u00f5es estrat\u00e9gicas em ac\u00e7\u00f5es coerentes e execut\u00e1veis.<\/p>\n\n\n\n<p>Neste sentido, o Conselho Coordenador consolidou-se como uma plataforma de governa\u00e7\u00e3o interna do MPD, essencial para refor\u00e7ar a disciplina estrat\u00e9gica, a coordena\u00e7\u00e3o interinstitucional e a consist\u00eancia da ac\u00e7\u00e3o p\u00fablica.<\/p>\n\n\n\n<p><strong>Recomenda\u00e7\u00f5es E Compromissos Para Uma Planifica\u00e7\u00e3o Mais Eficaz<\/strong><\/p>\n\n\n\n<p>O Comunicado Final do I Conselho Coordenador sistematizou um conjunto de constata\u00e7\u00f5es e recomenda\u00e7\u00f5es que reflectem uma leitura realista dos desafios enfrentados pelo MPD e pelo Estado no seu conjunto.<\/p>\n\n\n\n<p>Entre os compromissos assumidos destacam-se o refor\u00e7o da articula\u00e7\u00e3o entre planifica\u00e7\u00e3o, or\u00e7amenta\u00e7\u00e3o e execu\u00e7\u00e3o; a melhoria dos sistemas de monitoria e avalia\u00e7\u00e3o; o investimento cont\u00ednuo na capacita\u00e7\u00e3o dos quadros t\u00e9cnicos, sobretudo ao n\u00edvel subnacional; e a necessidade de maior coordena\u00e7\u00e3o entre os instrumentos estrat\u00e9gicos e operacionais do Governo.<\/p>\n\n\n\n<p>Estas orienta\u00e7\u00f5es apontam para uma planifica\u00e7\u00e3o mais selectiva, orientada para resultados e baseada em evid\u00eancia, reconhecendo que a efic\u00e1cia das pol\u00edticas p\u00fablicas depende da capacidade institucional para executar, acompanhar e ajustar decis\u00f5es em tempo \u00fatil.<\/p>\n\n\n\n<p><strong>Orienta\u00e7\u00f5es Do Ministro: Lideran\u00e7a, Disciplina E Responsabiliza\u00e7\u00e3o<\/strong><\/p>\n\n\n\n<p>Nos discursos de abertura e de encerramento, o Ministro da Planifica\u00e7\u00e3o e Desenvolvimento sublinhou que o I Conselho Coordenador deveria marcar o in\u00edcio de uma <strong>nova etapa institucional<\/strong>, caracterizada por maior exig\u00eancia, pragmatismo e foco em resultados.<\/p>\n\n\n\n<p>O Ministro foi claro ao afirmar que planos sem execu\u00e7\u00e3o fragilizam a credibilidade do Estado e comprometem a confian\u00e7a dos cidad\u00e3os. Neste quadro, orientou o MPD e as institui\u00e7\u00f5es sob sua tutela a adoptarem uma cultura de disciplina na execu\u00e7\u00e3o, responsabiliza\u00e7\u00e3o institucional e monitoria cont\u00ednua, assegurando que as decis\u00f5es estrat\u00e9gicas se traduzam em impactos concretos.<\/p>\n\n\n\n<p>Foi igualmente enfatizada a necessidade de refor\u00e7ar o papel do MPD como entidade coordenadora, capaz de liderar processos de alinhamento intersectorial, antecipar riscos e garantir coer\u00eancia entre pol\u00edticas econ\u00f3micas, sociais e territoriais.<\/p>\n\n\n\n<p><strong>Di\u00e1logo, Confian\u00e7a E Comunica\u00e7\u00e3o Como Dimens\u00f5es Da Governa\u00e7\u00e3o<\/strong><\/p>\n\n\n\n<p>Um dos elementos distintivos do I Conselho Coordenador foi a valoriza\u00e7\u00e3o da escuta e do di\u00e1logo com parceiros externos, incluindo o sector privado, a academia, a sociedade civil e os \u00f3rg\u00e3os de comunica\u00e7\u00e3o social.<\/p>\n\n\n\n<p>Este exerc\u00edcio refor\u00e7ou a percep\u00e7\u00e3o de que a efic\u00e1cia da governa\u00e7\u00e3o econ\u00f3mica n\u00e3o depende apenas de instrumentos t\u00e9cnicos, mas tamb\u00e9m da qualidade da comunica\u00e7\u00e3o estrat\u00e9gica, da previsibilidade das pol\u00edticas p\u00fablicas e da constru\u00e7\u00e3o de rela\u00e7\u00f5es de confian\u00e7a entre o Estado e a sociedade.<\/p>\n\n\n\n<p>Ao integrar estas dimens\u00f5es no debate estrat\u00e9gico, o MPD reafirmou o seu compromisso com uma governa\u00e7\u00e3o mais aberta, inclusiva e orientada para resultados partilhados.<\/p>\n\n\n\n<p><strong>Uma Vis\u00e3o De Futuro Para O MPD E Para A Planifica\u00e7\u00e3o Nacional<\/strong><\/p>\n\n\n\n<p>O I Conselho Coordenador permitiu, assim, consolidar uma vis\u00e3o de futuro para o MPD, assente numa planifica\u00e7\u00e3o mais exigente, pragm\u00e1tica e orientada para impacto, capaz de responder aos desafios actuais e de antecipar as necessidades do desenvolvimento nacional.<\/p>\n\n\n\n<p>Mais do que um evento isolado, o Conselho afirmou-se como um <strong>marco institucional<\/strong>, lan\u00e7ando as bases para um ciclo cont\u00ednuo de autoavalia\u00e7\u00e3o, alinhamento estrat\u00e9gico e melhoria da efic\u00e1cia da governa\u00e7\u00e3o econ\u00f3mica.<\/p>\n\n\n\n<p>Neste sentido, o I Conselho Coordenador refor\u00e7ou o papel do MPD enquanto institui\u00e7\u00e3o central na constru\u00e7\u00e3o de pol\u00edticas p\u00fablicas coerentes, sustent\u00e1veis e orientadas para resultados, contribuindo para uma traject\u00f3ria de desenvolvimento mais inclusiva, resiliente e consistente para Mo\u00e7ambique.<\/p>\n\n\n\n<p><\/p>\n","protected":false},"excerpt":{"rendered":"<p>A realiza\u00e7\u00e3o do I Conselho Coordenador do Minist\u00e9rio da Planifica\u00e7\u00e3o e Desenvolvimento (MPD) representou mais do que um exerc\u00edcio de balan\u00e7o institucional. O encontro afirmou-se como um instrumento estrat\u00e9gico de governa\u00e7\u00e3o, orientado para alinhar vis\u00f5es, consolidar prioridades e projectar o papel do MPD num contexto de transforma\u00e7\u00e3o econ\u00f3mica, desafios fiscais e exig\u00eancias crescentes de desenvolvimento inclusivo e sustent\u00e1vel. Ao longo dos tr\u00eas dias de trabalhos, ficou evidente que o Conselho Coordenador foi concebido como um espa\u00e7o de articula\u00e7\u00e3o entre diagn\u00f3stico, decis\u00e3o e orienta\u00e7\u00e3o estrat\u00e9gica, permitindo ao MPD refor\u00e7ar a sua fun\u00e7\u00e3o central enquanto arquitecto da coer\u00eancia das pol\u00edticas p\u00fablicas e guardi\u00e3o da vis\u00e3o de longo prazo do desenvolvimento nacional. O Conselho Coordenador Como Instrumento De Governa\u00e7\u00e3o Estrat\u00e9gica O formato adoptado \u2014 combinando sess\u00f5es plen\u00e1rias, debates t\u00e9cnicos, trabalhos de grupo, escuta de parceiros externos e momentos de s\u00edntese \u2014 permitiu transformar o Conselho num verdadeiro mecanismo de coordena\u00e7\u00e3o estrat\u00e9gica, indo al\u00e9m da partilha de informa\u00e7\u00e3o e promovendo alinhamento efectivo entre n\u00edveis central, sectorial e territorial. Este modelo refor\u00e7ou a compreens\u00e3o de que a governa\u00e7\u00e3o econ\u00f3mica eficaz exige processos estruturados de concerta\u00e7\u00e3o, capazes de integrar diferentes perspectivas institucionais e sociais, e de traduzir orienta\u00e7\u00f5es estrat\u00e9gicas em ac\u00e7\u00f5es coerentes e execut\u00e1veis. Neste sentido, o Conselho Coordenador consolidou-se como uma plataforma de governa\u00e7\u00e3o interna do MPD, essencial para refor\u00e7ar a disciplina estrat\u00e9gica, a coordena\u00e7\u00e3o interinstitucional e a consist\u00eancia da ac\u00e7\u00e3o p\u00fablica. Recomenda\u00e7\u00f5es E Compromissos Para Uma Planifica\u00e7\u00e3o Mais Eficaz O Comunicado Final do I Conselho Coordenador sistematizou um conjunto de constata\u00e7\u00f5es e recomenda\u00e7\u00f5es que reflectem uma leitura realista dos desafios enfrentados pelo MPD e pelo Estado no seu conjunto. Entre os compromissos assumidos destacam-se o refor\u00e7o da articula\u00e7\u00e3o entre planifica\u00e7\u00e3o, or\u00e7amenta\u00e7\u00e3o e execu\u00e7\u00e3o; a melhoria dos sistemas de monitoria e avalia\u00e7\u00e3o; o investimento cont\u00ednuo na capacita\u00e7\u00e3o dos quadros t\u00e9cnicos, sobretudo ao n\u00edvel subnacional; e a necessidade de maior coordena\u00e7\u00e3o entre os instrumentos estrat\u00e9gicos e operacionais do Governo. Estas orienta\u00e7\u00f5es apontam para uma planifica\u00e7\u00e3o mais selectiva, orientada para resultados e baseada em evid\u00eancia, reconhecendo que a efic\u00e1cia das pol\u00edticas p\u00fablicas depende da capacidade institucional para executar, acompanhar e ajustar decis\u00f5es em tempo \u00fatil. Orienta\u00e7\u00f5es Do Ministro: Lideran\u00e7a, Disciplina E Responsabiliza\u00e7\u00e3o Nos discursos de abertura e de encerramento, o Ministro da Planifica\u00e7\u00e3o e Desenvolvimento sublinhou que o I Conselho Coordenador deveria marcar o in\u00edcio de uma nova etapa institucional, caracterizada por maior exig\u00eancia, pragmatismo e foco em resultados. O Ministro foi claro ao afirmar que planos sem execu\u00e7\u00e3o fragilizam a credibilidade do Estado e comprometem a confian\u00e7a dos cidad\u00e3os. Neste quadro, orientou o MPD e as institui\u00e7\u00f5es sob sua tutela a adoptarem uma cultura de disciplina na execu\u00e7\u00e3o, responsabiliza\u00e7\u00e3o institucional e monitoria cont\u00ednua, assegurando que as decis\u00f5es estrat\u00e9gicas se traduzam em impactos concretos. Foi igualmente enfatizada a necessidade de refor\u00e7ar o papel do MPD como entidade coordenadora, capaz de liderar processos de alinhamento intersectorial, antecipar riscos e garantir coer\u00eancia entre pol\u00edticas econ\u00f3micas, sociais e territoriais. Di\u00e1logo, Confian\u00e7a E Comunica\u00e7\u00e3o Como Dimens\u00f5es Da Governa\u00e7\u00e3o Um dos elementos distintivos do I Conselho Coordenador foi a valoriza\u00e7\u00e3o da escuta e do di\u00e1logo com parceiros externos, incluindo o sector privado, a academia, a sociedade civil e os \u00f3rg\u00e3os de comunica\u00e7\u00e3o social. Este exerc\u00edcio refor\u00e7ou a percep\u00e7\u00e3o de que a efic\u00e1cia da governa\u00e7\u00e3o econ\u00f3mica n\u00e3o depende apenas de instrumentos t\u00e9cnicos, mas tamb\u00e9m da qualidade da comunica\u00e7\u00e3o estrat\u00e9gica, da previsibilidade das pol\u00edticas p\u00fablicas e da constru\u00e7\u00e3o de rela\u00e7\u00f5es de confian\u00e7a entre o Estado e a sociedade. Ao integrar estas dimens\u00f5es no debate estrat\u00e9gico, o MPD reafirmou o seu compromisso com uma governa\u00e7\u00e3o mais aberta, inclusiva e orientada para resultados partilhados. Uma Vis\u00e3o De Futuro Para O MPD E Para A Planifica\u00e7\u00e3o Nacional O I Conselho Coordenador permitiu, assim, consolidar uma vis\u00e3o de futuro para o MPD, assente numa planifica\u00e7\u00e3o mais exigente, pragm\u00e1tica e orientada para impacto, capaz de responder aos desafios actuais e de antecipar as necessidades do desenvolvimento nacional. Mais do que um evento isolado, o Conselho afirmou-se como um marco institucional, lan\u00e7ando as bases para um ciclo cont\u00ednuo de autoavalia\u00e7\u00e3o, alinhamento estrat\u00e9gico e melhoria da efic\u00e1cia da governa\u00e7\u00e3o econ\u00f3mica. Neste sentido, o I Conselho Coordenador refor\u00e7ou o papel do MPD enquanto institui\u00e7\u00e3o central na constru\u00e7\u00e3o de pol\u00edticas p\u00fablicas coerentes, sustent\u00e1veis e orientadas para resultados, contribuindo para uma traject\u00f3ria de desenvolvimento mais inclusiva, resiliente e consistente para Mo\u00e7ambique.<\/p>\n","protected":false},"author":2,"featured_media":1034,"comment_status":"open","ping_status":"open","sticky":false,"template":"","format":"standard","meta":{"footnotes":""},"categories":[10],"tags":[],"class_list":["post-1033","post","type-post","status-publish","format-standard","has-post-thumbnail","hentry","category-press24-category"],"yoast_head":"<!-- This site is optimized with the Yoast SEO plugin v26.1.1 - https:\/\/yoast.com\/wordpress\/plugins\/seo\/ -->\n<title>O Valor Estrat\u00e9gico Do Conselho Coordenador Na Consolida\u00e7\u00e3o Da Governa\u00e7\u00e3o E Da Vis\u00e3o De Futuro Do MPD - Minist\u00e9rio da Planifica\u00e7\u00e3o e Desenvolvimento<\/title>\n<meta name=\"robots\" content=\"index, follow, max-snippet:-1, max-image-preview:large, max-video-preview:-1\" \/>\n<link rel=\"canonical\" href=\"https:\/\/mpd.gov.mz\/index.php\/2025\/12\/30\/o-valor-estrategico-do-conselho-coordenador-na-consolidacao-da-governacao-e-da-visao-de-futuro-do-mpd\/\" \/>\n<meta property=\"og:locale\" content=\"pt_BR\" \/>\n<meta property=\"og:type\" content=\"article\" \/>\n<meta property=\"og:title\" content=\"O Valor Estrat\u00e9gico Do Conselho Coordenador Na Consolida\u00e7\u00e3o Da Governa\u00e7\u00e3o E Da Vis\u00e3o De Futuro Do MPD - Minist\u00e9rio da Planifica\u00e7\u00e3o e Desenvolvimento\" \/>\n<meta property=\"og:description\" content=\"A realiza\u00e7\u00e3o do I Conselho Coordenador do Minist\u00e9rio da Planifica\u00e7\u00e3o e Desenvolvimento (MPD) representou mais do que um exerc\u00edcio de balan\u00e7o institucional. O encontro afirmou-se como um instrumento estrat\u00e9gico de governa\u00e7\u00e3o, orientado para alinhar vis\u00f5es, consolidar prioridades e projectar o papel do MPD num contexto de transforma\u00e7\u00e3o econ\u00f3mica, desafios fiscais e exig\u00eancias crescentes de desenvolvimento inclusivo e sustent\u00e1vel. Ao longo dos tr\u00eas dias de trabalhos, ficou evidente que o Conselho Coordenador foi concebido como um espa\u00e7o de articula\u00e7\u00e3o entre diagn\u00f3stico, decis\u00e3o e orienta\u00e7\u00e3o estrat\u00e9gica, permitindo ao MPD refor\u00e7ar a sua fun\u00e7\u00e3o central enquanto arquitecto da coer\u00eancia das pol\u00edticas p\u00fablicas e guardi\u00e3o da vis\u00e3o de longo prazo do desenvolvimento nacional. O Conselho Coordenador Como Instrumento De Governa\u00e7\u00e3o Estrat\u00e9gica O formato adoptado \u2014 combinando sess\u00f5es plen\u00e1rias, debates t\u00e9cnicos, trabalhos de grupo, escuta de parceiros externos e momentos de s\u00edntese \u2014 permitiu transformar o Conselho num verdadeiro mecanismo de coordena\u00e7\u00e3o estrat\u00e9gica, indo al\u00e9m da partilha de informa\u00e7\u00e3o e promovendo alinhamento efectivo entre n\u00edveis central, sectorial e territorial. Este modelo refor\u00e7ou a compreens\u00e3o de que a governa\u00e7\u00e3o econ\u00f3mica eficaz exige processos estruturados de concerta\u00e7\u00e3o, capazes de integrar diferentes perspectivas institucionais e sociais, e de traduzir orienta\u00e7\u00f5es estrat\u00e9gicas em ac\u00e7\u00f5es coerentes e execut\u00e1veis. Neste sentido, o Conselho Coordenador consolidou-se como uma plataforma de governa\u00e7\u00e3o interna do MPD, essencial para refor\u00e7ar a disciplina estrat\u00e9gica, a coordena\u00e7\u00e3o interinstitucional e a consist\u00eancia da ac\u00e7\u00e3o p\u00fablica. Recomenda\u00e7\u00f5es E Compromissos Para Uma Planifica\u00e7\u00e3o Mais Eficaz O Comunicado Final do I Conselho Coordenador sistematizou um conjunto de constata\u00e7\u00f5es e recomenda\u00e7\u00f5es que reflectem uma leitura realista dos desafios enfrentados pelo MPD e pelo Estado no seu conjunto. Entre os compromissos assumidos destacam-se o refor\u00e7o da articula\u00e7\u00e3o entre planifica\u00e7\u00e3o, or\u00e7amenta\u00e7\u00e3o e execu\u00e7\u00e3o; a melhoria dos sistemas de monitoria e avalia\u00e7\u00e3o; o investimento cont\u00ednuo na capacita\u00e7\u00e3o dos quadros t\u00e9cnicos, sobretudo ao n\u00edvel subnacional; e a necessidade de maior coordena\u00e7\u00e3o entre os instrumentos estrat\u00e9gicos e operacionais do Governo. Estas orienta\u00e7\u00f5es apontam para uma planifica\u00e7\u00e3o mais selectiva, orientada para resultados e baseada em evid\u00eancia, reconhecendo que a efic\u00e1cia das pol\u00edticas p\u00fablicas depende da capacidade institucional para executar, acompanhar e ajustar decis\u00f5es em tempo \u00fatil. Orienta\u00e7\u00f5es Do Ministro: Lideran\u00e7a, Disciplina E Responsabiliza\u00e7\u00e3o Nos discursos de abertura e de encerramento, o Ministro da Planifica\u00e7\u00e3o e Desenvolvimento sublinhou que o I Conselho Coordenador deveria marcar o in\u00edcio de uma nova etapa institucional, caracterizada por maior exig\u00eancia, pragmatismo e foco em resultados. O Ministro foi claro ao afirmar que planos sem execu\u00e7\u00e3o fragilizam a credibilidade do Estado e comprometem a confian\u00e7a dos cidad\u00e3os. Neste quadro, orientou o MPD e as institui\u00e7\u00f5es sob sua tutela a adoptarem uma cultura de disciplina na execu\u00e7\u00e3o, responsabiliza\u00e7\u00e3o institucional e monitoria cont\u00ednua, assegurando que as decis\u00f5es estrat\u00e9gicas se traduzam em impactos concretos. Foi igualmente enfatizada a necessidade de refor\u00e7ar o papel do MPD como entidade coordenadora, capaz de liderar processos de alinhamento intersectorial, antecipar riscos e garantir coer\u00eancia entre pol\u00edticas econ\u00f3micas, sociais e territoriais. Di\u00e1logo, Confian\u00e7a E Comunica\u00e7\u00e3o Como Dimens\u00f5es Da Governa\u00e7\u00e3o Um dos elementos distintivos do I Conselho Coordenador foi a valoriza\u00e7\u00e3o da escuta e do di\u00e1logo com parceiros externos, incluindo o sector privado, a academia, a sociedade civil e os \u00f3rg\u00e3os de comunica\u00e7\u00e3o social. Este exerc\u00edcio refor\u00e7ou a percep\u00e7\u00e3o de que a efic\u00e1cia da governa\u00e7\u00e3o econ\u00f3mica n\u00e3o depende apenas de instrumentos t\u00e9cnicos, mas tamb\u00e9m da qualidade da comunica\u00e7\u00e3o estrat\u00e9gica, da previsibilidade das pol\u00edticas p\u00fablicas e da constru\u00e7\u00e3o de rela\u00e7\u00f5es de confian\u00e7a entre o Estado e a sociedade. Ao integrar estas dimens\u00f5es no debate estrat\u00e9gico, o MPD reafirmou o seu compromisso com uma governa\u00e7\u00e3o mais aberta, inclusiva e orientada para resultados partilhados. Uma Vis\u00e3o De Futuro Para O MPD E Para A Planifica\u00e7\u00e3o Nacional O I Conselho Coordenador permitiu, assim, consolidar uma vis\u00e3o de futuro para o MPD, assente numa planifica\u00e7\u00e3o mais exigente, pragm\u00e1tica e orientada para impacto, capaz de responder aos desafios actuais e de antecipar as necessidades do desenvolvimento nacional. Mais do que um evento isolado, o Conselho afirmou-se como um marco institucional, lan\u00e7ando as bases para um ciclo cont\u00ednuo de autoavalia\u00e7\u00e3o, alinhamento estrat\u00e9gico e melhoria da efic\u00e1cia da governa\u00e7\u00e3o econ\u00f3mica. Neste sentido, o I Conselho Coordenador refor\u00e7ou o papel do MPD enquanto institui\u00e7\u00e3o central na constru\u00e7\u00e3o de pol\u00edticas p\u00fablicas coerentes, sustent\u00e1veis e orientadas para resultados, contribuindo para uma traject\u00f3ria de desenvolvimento mais inclusiva, resiliente e consistente para Mo\u00e7ambique.\" \/>\n<meta property=\"og:url\" content=\"https:\/\/mpd.gov.mz\/index.php\/2025\/12\/30\/o-valor-estrategico-do-conselho-coordenador-na-consolidacao-da-governacao-e-da-visao-de-futuro-do-mpd\/\" \/>\n<meta property=\"og:site_name\" content=\"Minist\u00e9rio da Planifica\u00e7\u00e3o e Desenvolvimento\" \/>\n<meta property=\"article:published_time\" content=\"2025-12-30T08:07:35+00:00\" \/>\n<meta property=\"article:modified_time\" content=\"2025-12-30T08:18:42+00:00\" \/>\n<meta property=\"og:image\" content=\"https:\/\/mpd.gov.mz\/wp-content\/uploads\/2025\/12\/Luis-Enoque-3-80.jpg\" \/>\n\t<meta property=\"og:image:width\" content=\"800\" \/>\n\t<meta property=\"og:image:height\" content=\"450\" \/>\n\t<meta property=\"og:image:type\" content=\"image\/jpeg\" \/>\n<meta name=\"author\" content=\"Hermenegildo Maquina\" \/>\n<meta name=\"twitter:card\" content=\"summary_large_image\" \/>\n<meta name=\"twitter:label1\" content=\"Escrito por\" \/>\n\t<meta name=\"twitter:data1\" content=\"Hermenegildo Maquina\" \/>\n\t<meta name=\"twitter:label2\" content=\"Est. tempo de leitura\" \/>\n\t<meta name=\"twitter:data2\" content=\"5 minutos\" \/>\n<script type=\"application\/ld+json\" class=\"yoast-schema-graph\">{\"@context\":\"https:\/\/schema.org\",\"@graph\":[{\"@type\":\"Article\",\"@id\":\"https:\/\/mpd.gov.mz\/index.php\/2025\/12\/30\/o-valor-estrategico-do-conselho-coordenador-na-consolidacao-da-governacao-e-da-visao-de-futuro-do-mpd\/#article\",\"isPartOf\":{\"@id\":\"https:\/\/mpd.gov.mz\/index.php\/2025\/12\/30\/o-valor-estrategico-do-conselho-coordenador-na-consolidacao-da-governacao-e-da-visao-de-futuro-do-mpd\/\"},\"author\":{\"name\":\"Hermenegildo Maquina\",\"@id\":\"https:\/\/mpd.gov.mz\/#\/schema\/person\/68b27d994a4e959b869e600df8c9191f\"},\"headline\":\"O Valor Estrat\u00e9gico Do Conselho Coordenador Na Consolida\u00e7\u00e3o Da Governa\u00e7\u00e3o E Da Vis\u00e3o De Futuro Do MPD\",\"datePublished\":\"2025-12-30T08:07:35+00:00\",\"dateModified\":\"2025-12-30T08:18:42+00:00\",\"mainEntityOfPage\":{\"@id\":\"https:\/\/mpd.gov.mz\/index.php\/2025\/12\/30\/o-valor-estrategico-do-conselho-coordenador-na-consolidacao-da-governacao-e-da-visao-de-futuro-do-mpd\/\"},\"wordCount\":870,\"commentCount\":0,\"publisher\":{\"@id\":\"https:\/\/mpd.gov.mz\/#organization\"},\"image\":{\"@id\":\"https:\/\/mpd.gov.mz\/index.php\/2025\/12\/30\/o-valor-estrategico-do-conselho-coordenador-na-consolidacao-da-governacao-e-da-visao-de-futuro-do-mpd\/#primaryimage\"},\"thumbnailUrl\":\"https:\/\/mpd.gov.mz\/wp-content\/uploads\/2025\/12\/Luis-Enoque-3-80.jpg\",\"articleSection\":[\"press24 category\"],\"inLanguage\":\"pt-BR\",\"potentialAction\":[{\"@type\":\"CommentAction\",\"name\":\"Comment\",\"target\":[\"https:\/\/mpd.gov.mz\/index.php\/2025\/12\/30\/o-valor-estrategico-do-conselho-coordenador-na-consolidacao-da-governacao-e-da-visao-de-futuro-do-mpd\/#respond\"]}]},{\"@type\":\"WebPage\",\"@id\":\"https:\/\/mpd.gov.mz\/index.php\/2025\/12\/30\/o-valor-estrategico-do-conselho-coordenador-na-consolidacao-da-governacao-e-da-visao-de-futuro-do-mpd\/\",\"url\":\"https:\/\/mpd.gov.mz\/index.php\/2025\/12\/30\/o-valor-estrategico-do-conselho-coordenador-na-consolidacao-da-governacao-e-da-visao-de-futuro-do-mpd\/\",\"name\":\"O Valor Estrat\u00e9gico Do Conselho Coordenador Na Consolida\u00e7\u00e3o Da Governa\u00e7\u00e3o E Da Vis\u00e3o De Futuro Do MPD - Minist\u00e9rio da Planifica\u00e7\u00e3o e Desenvolvimento\",\"isPartOf\":{\"@id\":\"https:\/\/mpd.gov.mz\/#website\"},\"primaryImageOfPage\":{\"@id\":\"https:\/\/mpd.gov.mz\/index.php\/2025\/12\/30\/o-valor-estrategico-do-conselho-coordenador-na-consolidacao-da-governacao-e-da-visao-de-futuro-do-mpd\/#primaryimage\"},\"image\":{\"@id\":\"https:\/\/mpd.gov.mz\/index.php\/2025\/12\/30\/o-valor-estrategico-do-conselho-coordenador-na-consolidacao-da-governacao-e-da-visao-de-futuro-do-mpd\/#primaryimage\"},\"thumbnailUrl\":\"https:\/\/mpd.gov.mz\/wp-content\/uploads\/2025\/12\/Luis-Enoque-3-80.jpg\",\"datePublished\":\"2025-12-30T08:07:35+00:00\",\"dateModified\":\"2025-12-30T08:18:42+00:00\",\"breadcrumb\":{\"@id\":\"https:\/\/mpd.gov.mz\/index.php\/2025\/12\/30\/o-valor-estrategico-do-conselho-coordenador-na-consolidacao-da-governacao-e-da-visao-de-futuro-do-mpd\/#breadcrumb\"},\"inLanguage\":\"pt-BR\",\"potentialAction\":[{\"@type\":\"ReadAction\",\"target\":[\"https:\/\/mpd.gov.mz\/index.php\/2025\/12\/30\/o-valor-estrategico-do-conselho-coordenador-na-consolidacao-da-governacao-e-da-visao-de-futuro-do-mpd\/\"]}]},{\"@type\":\"ImageObject\",\"inLanguage\":\"pt-BR\",\"@id\":\"https:\/\/mpd.gov.mz\/index.php\/2025\/12\/30\/o-valor-estrategico-do-conselho-coordenador-na-consolidacao-da-governacao-e-da-visao-de-futuro-do-mpd\/#primaryimage\",\"url\":\"https:\/\/mpd.gov.mz\/wp-content\/uploads\/2025\/12\/Luis-Enoque-3-80.jpg\",\"contentUrl\":\"https:\/\/mpd.gov.mz\/wp-content\/uploads\/2025\/12\/Luis-Enoque-3-80.jpg\",\"width\":3936,\"height\":2216},{\"@type\":\"BreadcrumbList\",\"@id\":\"https:\/\/mpd.gov.mz\/index.php\/2025\/12\/30\/o-valor-estrategico-do-conselho-coordenador-na-consolidacao-da-governacao-e-da-visao-de-futuro-do-mpd\/#breadcrumb\",\"itemListElement\":[{\"@type\":\"ListItem\",\"position\":1,\"name\":\"In\u00edcio\",\"item\":\"https:\/\/mpd.gov.mz\/\"},{\"@type\":\"ListItem\",\"position\":2,\"name\":\"O Valor Estrat\u00e9gico Do Conselho Coordenador Na Consolida\u00e7\u00e3o Da Governa\u00e7\u00e3o E Da Vis\u00e3o De Futuro Do MPD\"}]},{\"@type\":\"WebSite\",\"@id\":\"https:\/\/mpd.gov.mz\/#website\",\"url\":\"https:\/\/mpd.gov.mz\/\",\"name\":\"Minist\u00e9rio da Planifica\u00e7\u00e3o e Desenvolvimento\",\"description\":\"\",\"publisher\":{\"@id\":\"https:\/\/mpd.gov.mz\/#organization\"},\"potentialAction\":[{\"@type\":\"SearchAction\",\"target\":{\"@type\":\"EntryPoint\",\"urlTemplate\":\"https:\/\/mpd.gov.mz\/?s={search_term_string}\"},\"query-input\":{\"@type\":\"PropertyValueSpecification\",\"valueRequired\":true,\"valueName\":\"search_term_string\"}}],\"inLanguage\":\"pt-BR\"},{\"@type\":\"Organization\",\"@id\":\"https:\/\/mpd.gov.mz\/#organization\",\"name\":\"Minist\u00e9rio da Planifica\u00e7\u00e3o e Desenvolvimento\",\"url\":\"https:\/\/mpd.gov.mz\/\",\"logo\":{\"@type\":\"ImageObject\",\"inLanguage\":\"pt-BR\",\"@id\":\"https:\/\/mpd.gov.mz\/#\/schema\/logo\/image\/\",\"url\":\"https:\/\/mpd.gov.mz\/wp-content\/uploads\/2025\/10\/Emblem_of_Mozambique.svg.png\",\"contentUrl\":\"https:\/\/mpd.gov.mz\/wp-content\/uploads\/2025\/10\/Emblem_of_Mozambique.svg.png\",\"width\":1897,\"height\":2049,\"caption\":\"Minist\u00e9rio da Planifica\u00e7\u00e3o e Desenvolvimento\"},\"image\":{\"@id\":\"https:\/\/mpd.gov.mz\/#\/schema\/logo\/image\/\"}},{\"@type\":\"Person\",\"@id\":\"https:\/\/mpd.gov.mz\/#\/schema\/person\/68b27d994a4e959b869e600df8c9191f\",\"name\":\"Hermenegildo Maquina\",\"image\":{\"@type\":\"ImageObject\",\"inLanguage\":\"pt-BR\",\"@id\":\"https:\/\/mpd.gov.mz\/#\/schema\/person\/image\/\",\"url\":\"https:\/\/secure.gravatar.com\/avatar\/d23b64cffea0207421c08baa3a1b2b04f4ff15f04ecfdf92a4ddbae42a046ea0?s=96&d=mm&r=g\",\"contentUrl\":\"https:\/\/secure.gravatar.com\/avatar\/d23b64cffea0207421c08baa3a1b2b04f4ff15f04ecfdf92a4ddbae42a046ea0?s=96&d=mm&r=g\",\"caption\":\"Hermenegildo Maquina\"},\"sameAs\":[\"https:\/\/mpd.gov.mz\"],\"url\":\"https:\/\/mpd.gov.mz\/index.php\/author\/hermenegildo-maquina\/\"}]}<\/script>\n<!-- \/ Yoast SEO plugin. -->","yoast_head_json":{"title":"O Valor Estrat\u00e9gico Do Conselho Coordenador Na Consolida\u00e7\u00e3o Da Governa\u00e7\u00e3o E Da Vis\u00e3o De Futuro Do MPD - Minist\u00e9rio da Planifica\u00e7\u00e3o e Desenvolvimento","robots":{"index":"index","follow":"follow","max-snippet":"max-snippet:-1","max-image-preview":"max-image-preview:large","max-video-preview":"max-video-preview:-1"},"canonical":"https:\/\/mpd.gov.mz\/index.php\/2025\/12\/30\/o-valor-estrategico-do-conselho-coordenador-na-consolidacao-da-governacao-e-da-visao-de-futuro-do-mpd\/","og_locale":"pt_BR","og_type":"article","og_title":"O Valor Estrat\u00e9gico Do Conselho Coordenador Na Consolida\u00e7\u00e3o Da Governa\u00e7\u00e3o E Da Vis\u00e3o De Futuro Do MPD - Minist\u00e9rio da Planifica\u00e7\u00e3o e Desenvolvimento","og_description":"A realiza\u00e7\u00e3o do I Conselho Coordenador do Minist\u00e9rio da Planifica\u00e7\u00e3o e Desenvolvimento (MPD) representou mais do que um exerc\u00edcio de balan\u00e7o institucional. O encontro afirmou-se como um instrumento estrat\u00e9gico de governa\u00e7\u00e3o, orientado para alinhar vis\u00f5es, consolidar prioridades e projectar o papel do MPD num contexto de transforma\u00e7\u00e3o econ\u00f3mica, desafios fiscais e exig\u00eancias crescentes de desenvolvimento inclusivo e sustent\u00e1vel. Ao longo dos tr\u00eas dias de trabalhos, ficou evidente que o Conselho Coordenador foi concebido como um espa\u00e7o de articula\u00e7\u00e3o entre diagn\u00f3stico, decis\u00e3o e orienta\u00e7\u00e3o estrat\u00e9gica, permitindo ao MPD refor\u00e7ar a sua fun\u00e7\u00e3o central enquanto arquitecto da coer\u00eancia das pol\u00edticas p\u00fablicas e guardi\u00e3o da vis\u00e3o de longo prazo do desenvolvimento nacional. O Conselho Coordenador Como Instrumento De Governa\u00e7\u00e3o Estrat\u00e9gica O formato adoptado \u2014 combinando sess\u00f5es plen\u00e1rias, debates t\u00e9cnicos, trabalhos de grupo, escuta de parceiros externos e momentos de s\u00edntese \u2014 permitiu transformar o Conselho num verdadeiro mecanismo de coordena\u00e7\u00e3o estrat\u00e9gica, indo al\u00e9m da partilha de informa\u00e7\u00e3o e promovendo alinhamento efectivo entre n\u00edveis central, sectorial e territorial. Este modelo refor\u00e7ou a compreens\u00e3o de que a governa\u00e7\u00e3o econ\u00f3mica eficaz exige processos estruturados de concerta\u00e7\u00e3o, capazes de integrar diferentes perspectivas institucionais e sociais, e de traduzir orienta\u00e7\u00f5es estrat\u00e9gicas em ac\u00e7\u00f5es coerentes e execut\u00e1veis. Neste sentido, o Conselho Coordenador consolidou-se como uma plataforma de governa\u00e7\u00e3o interna do MPD, essencial para refor\u00e7ar a disciplina estrat\u00e9gica, a coordena\u00e7\u00e3o interinstitucional e a consist\u00eancia da ac\u00e7\u00e3o p\u00fablica. Recomenda\u00e7\u00f5es E Compromissos Para Uma Planifica\u00e7\u00e3o Mais Eficaz O Comunicado Final do I Conselho Coordenador sistematizou um conjunto de constata\u00e7\u00f5es e recomenda\u00e7\u00f5es que reflectem uma leitura realista dos desafios enfrentados pelo MPD e pelo Estado no seu conjunto. Entre os compromissos assumidos destacam-se o refor\u00e7o da articula\u00e7\u00e3o entre planifica\u00e7\u00e3o, or\u00e7amenta\u00e7\u00e3o e execu\u00e7\u00e3o; a melhoria dos sistemas de monitoria e avalia\u00e7\u00e3o; o investimento cont\u00ednuo na capacita\u00e7\u00e3o dos quadros t\u00e9cnicos, sobretudo ao n\u00edvel subnacional; e a necessidade de maior coordena\u00e7\u00e3o entre os instrumentos estrat\u00e9gicos e operacionais do Governo. Estas orienta\u00e7\u00f5es apontam para uma planifica\u00e7\u00e3o mais selectiva, orientada para resultados e baseada em evid\u00eancia, reconhecendo que a efic\u00e1cia das pol\u00edticas p\u00fablicas depende da capacidade institucional para executar, acompanhar e ajustar decis\u00f5es em tempo \u00fatil. Orienta\u00e7\u00f5es Do Ministro: Lideran\u00e7a, Disciplina E Responsabiliza\u00e7\u00e3o Nos discursos de abertura e de encerramento, o Ministro da Planifica\u00e7\u00e3o e Desenvolvimento sublinhou que o I Conselho Coordenador deveria marcar o in\u00edcio de uma nova etapa institucional, caracterizada por maior exig\u00eancia, pragmatismo e foco em resultados. O Ministro foi claro ao afirmar que planos sem execu\u00e7\u00e3o fragilizam a credibilidade do Estado e comprometem a confian\u00e7a dos cidad\u00e3os. Neste quadro, orientou o MPD e as institui\u00e7\u00f5es sob sua tutela a adoptarem uma cultura de disciplina na execu\u00e7\u00e3o, responsabiliza\u00e7\u00e3o institucional e monitoria cont\u00ednua, assegurando que as decis\u00f5es estrat\u00e9gicas se traduzam em impactos concretos. Foi igualmente enfatizada a necessidade de refor\u00e7ar o papel do MPD como entidade coordenadora, capaz de liderar processos de alinhamento intersectorial, antecipar riscos e garantir coer\u00eancia entre pol\u00edticas econ\u00f3micas, sociais e territoriais. Di\u00e1logo, Confian\u00e7a E Comunica\u00e7\u00e3o Como Dimens\u00f5es Da Governa\u00e7\u00e3o Um dos elementos distintivos do I Conselho Coordenador foi a valoriza\u00e7\u00e3o da escuta e do di\u00e1logo com parceiros externos, incluindo o sector privado, a academia, a sociedade civil e os \u00f3rg\u00e3os de comunica\u00e7\u00e3o social. Este exerc\u00edcio refor\u00e7ou a percep\u00e7\u00e3o de que a efic\u00e1cia da governa\u00e7\u00e3o econ\u00f3mica n\u00e3o depende apenas de instrumentos t\u00e9cnicos, mas tamb\u00e9m da qualidade da comunica\u00e7\u00e3o estrat\u00e9gica, da previsibilidade das pol\u00edticas p\u00fablicas e da constru\u00e7\u00e3o de rela\u00e7\u00f5es de confian\u00e7a entre o Estado e a sociedade. Ao integrar estas dimens\u00f5es no debate estrat\u00e9gico, o MPD reafirmou o seu compromisso com uma governa\u00e7\u00e3o mais aberta, inclusiva e orientada para resultados partilhados. Uma Vis\u00e3o De Futuro Para O MPD E Para A Planifica\u00e7\u00e3o Nacional O I Conselho Coordenador permitiu, assim, consolidar uma vis\u00e3o de futuro para o MPD, assente numa planifica\u00e7\u00e3o mais exigente, pragm\u00e1tica e orientada para impacto, capaz de responder aos desafios actuais e de antecipar as necessidades do desenvolvimento nacional. Mais do que um evento isolado, o Conselho afirmou-se como um marco institucional, lan\u00e7ando as bases para um ciclo cont\u00ednuo de autoavalia\u00e7\u00e3o, alinhamento estrat\u00e9gico e melhoria da efic\u00e1cia da governa\u00e7\u00e3o econ\u00f3mica. Neste sentido, o I Conselho Coordenador refor\u00e7ou o papel do MPD enquanto institui\u00e7\u00e3o central na constru\u00e7\u00e3o de pol\u00edticas p\u00fablicas coerentes, sustent\u00e1veis e orientadas para resultados, contribuindo para uma traject\u00f3ria de desenvolvimento mais inclusiva, resiliente e consistente para Mo\u00e7ambique.","og_url":"https:\/\/mpd.gov.mz\/index.php\/2025\/12\/30\/o-valor-estrategico-do-conselho-coordenador-na-consolidacao-da-governacao-e-da-visao-de-futuro-do-mpd\/","og_site_name":"Minist\u00e9rio da Planifica\u00e7\u00e3o e Desenvolvimento","article_published_time":"2025-12-30T08:07:35+00:00","article_modified_time":"2025-12-30T08:18:42+00:00","og_image":[{"url":"https:\/\/mpd.gov.mz\/wp-content\/uploads\/2025\/12\/Luis-Enoque-3-80.jpg","width":800,"height":450,"type":"image\/jpeg"}],"author":"Hermenegildo Maquina","twitter_card":"summary_large_image","twitter_misc":{"Escrito por":"Hermenegildo Maquina","Est. tempo de leitura":"5 minutos"},"schema":{"@context":"https:\/\/schema.org","@graph":[{"@type":"Article","@id":"https:\/\/mpd.gov.mz\/index.php\/2025\/12\/30\/o-valor-estrategico-do-conselho-coordenador-na-consolidacao-da-governacao-e-da-visao-de-futuro-do-mpd\/#article","isPartOf":{"@id":"https:\/\/mpd.gov.mz\/index.php\/2025\/12\/30\/o-valor-estrategico-do-conselho-coordenador-na-consolidacao-da-governacao-e-da-visao-de-futuro-do-mpd\/"},"author":{"name":"Hermenegildo Maquina","@id":"https:\/\/mpd.gov.mz\/#\/schema\/person\/68b27d994a4e959b869e600df8c9191f"},"headline":"O Valor Estrat\u00e9gico Do Conselho Coordenador Na Consolida\u00e7\u00e3o Da Governa\u00e7\u00e3o E Da Vis\u00e3o De Futuro Do MPD","datePublished":"2025-12-30T08:07:35+00:00","dateModified":"2025-12-30T08:18:42+00:00","mainEntityOfPage":{"@id":"https:\/\/mpd.gov.mz\/index.php\/2025\/12\/30\/o-valor-estrategico-do-conselho-coordenador-na-consolidacao-da-governacao-e-da-visao-de-futuro-do-mpd\/"},"wordCount":870,"commentCount":0,"publisher":{"@id":"https:\/\/mpd.gov.mz\/#organization"},"image":{"@id":"https:\/\/mpd.gov.mz\/index.php\/2025\/12\/30\/o-valor-estrategico-do-conselho-coordenador-na-consolidacao-da-governacao-e-da-visao-de-futuro-do-mpd\/#primaryimage"},"thumbnailUrl":"https:\/\/mpd.gov.mz\/wp-content\/uploads\/2025\/12\/Luis-Enoque-3-80.jpg","articleSection":["press24 category"],"inLanguage":"pt-BR","potentialAction":[{"@type":"CommentAction","name":"Comment","target":["https:\/\/mpd.gov.mz\/index.php\/2025\/12\/30\/o-valor-estrategico-do-conselho-coordenador-na-consolidacao-da-governacao-e-da-visao-de-futuro-do-mpd\/#respond"]}]},{"@type":"WebPage","@id":"https:\/\/mpd.gov.mz\/index.php\/2025\/12\/30\/o-valor-estrategico-do-conselho-coordenador-na-consolidacao-da-governacao-e-da-visao-de-futuro-do-mpd\/","url":"https:\/\/mpd.gov.mz\/index.php\/2025\/12\/30\/o-valor-estrategico-do-conselho-coordenador-na-consolidacao-da-governacao-e-da-visao-de-futuro-do-mpd\/","name":"O Valor Estrat\u00e9gico Do Conselho Coordenador Na Consolida\u00e7\u00e3o Da Governa\u00e7\u00e3o E Da Vis\u00e3o De Futuro Do MPD - Minist\u00e9rio da Planifica\u00e7\u00e3o e Desenvolvimento","isPartOf":{"@id":"https:\/\/mpd.gov.mz\/#website"},"primaryImageOfPage":{"@id":"https:\/\/mpd.gov.mz\/index.php\/2025\/12\/30\/o-valor-estrategico-do-conselho-coordenador-na-consolidacao-da-governacao-e-da-visao-de-futuro-do-mpd\/#primaryimage"},"image":{"@id":"https:\/\/mpd.gov.mz\/index.php\/2025\/12\/30\/o-valor-estrategico-do-conselho-coordenador-na-consolidacao-da-governacao-e-da-visao-de-futuro-do-mpd\/#primaryimage"},"thumbnailUrl":"https:\/\/mpd.gov.mz\/wp-content\/uploads\/2025\/12\/Luis-Enoque-3-80.jpg","datePublished":"2025-12-30T08:07:35+00:00","dateModified":"2025-12-30T08:18:42+00:00","breadcrumb":{"@id":"https:\/\/mpd.gov.mz\/index.php\/2025\/12\/30\/o-valor-estrategico-do-conselho-coordenador-na-consolidacao-da-governacao-e-da-visao-de-futuro-do-mpd\/#breadcrumb"},"inLanguage":"pt-BR","potentialAction":[{"@type":"ReadAction","target":["https:\/\/mpd.gov.mz\/index.php\/2025\/12\/30\/o-valor-estrategico-do-conselho-coordenador-na-consolidacao-da-governacao-e-da-visao-de-futuro-do-mpd\/"]}]},{"@type":"ImageObject","inLanguage":"pt-BR","@id":"https:\/\/mpd.gov.mz\/index.php\/2025\/12\/30\/o-valor-estrategico-do-conselho-coordenador-na-consolidacao-da-governacao-e-da-visao-de-futuro-do-mpd\/#primaryimage","url":"https:\/\/mpd.gov.mz\/wp-content\/uploads\/2025\/12\/Luis-Enoque-3-80.jpg","contentUrl":"https:\/\/mpd.gov.mz\/wp-content\/uploads\/2025\/12\/Luis-Enoque-3-80.jpg","width":3936,"height":2216},{"@type":"BreadcrumbList","@id":"https:\/\/mpd.gov.mz\/index.php\/2025\/12\/30\/o-valor-estrategico-do-conselho-coordenador-na-consolidacao-da-governacao-e-da-visao-de-futuro-do-mpd\/#breadcrumb","itemListElement":[{"@type":"ListItem","position":1,"name":"In\u00edcio","item":"https:\/\/mpd.gov.mz\/"},{"@type":"ListItem","position":2,"name":"O Valor Estrat\u00e9gico Do Conselho Coordenador Na Consolida\u00e7\u00e3o Da Governa\u00e7\u00e3o E Da Vis\u00e3o De Futuro Do MPD"}]},{"@type":"WebSite","@id":"https:\/\/mpd.gov.mz\/#website","url":"https:\/\/mpd.gov.mz\/","name":"Minist\u00e9rio da Planifica\u00e7\u00e3o e Desenvolvimento","description":"","publisher":{"@id":"https:\/\/mpd.gov.mz\/#organization"},"potentialAction":[{"@type":"SearchAction","target":{"@type":"EntryPoint","urlTemplate":"https:\/\/mpd.gov.mz\/?s={search_term_string}"},"query-input":{"@type":"PropertyValueSpecification","valueRequired":true,"valueName":"search_term_string"}}],"inLanguage":"pt-BR"},{"@type":"Organization","@id":"https:\/\/mpd.gov.mz\/#organization","name":"Minist\u00e9rio da Planifica\u00e7\u00e3o e Desenvolvimento","url":"https:\/\/mpd.gov.mz\/","logo":{"@type":"ImageObject","inLanguage":"pt-BR","@id":"https:\/\/mpd.gov.mz\/#\/schema\/logo\/image\/","url":"https:\/\/mpd.gov.mz\/wp-content\/uploads\/2025\/10\/Emblem_of_Mozambique.svg.png","contentUrl":"https:\/\/mpd.gov.mz\/wp-content\/uploads\/2025\/10\/Emblem_of_Mozambique.svg.png","width":1897,"height":2049,"caption":"Minist\u00e9rio da Planifica\u00e7\u00e3o e Desenvolvimento"},"image":{"@id":"https:\/\/mpd.gov.mz\/#\/schema\/logo\/image\/"}},{"@type":"Person","@id":"https:\/\/mpd.gov.mz\/#\/schema\/person\/68b27d994a4e959b869e600df8c9191f","name":"Hermenegildo Maquina","image":{"@type":"ImageObject","inLanguage":"pt-BR","@id":"https:\/\/mpd.gov.mz\/#\/schema\/person\/image\/","url":"https:\/\/secure.gravatar.com\/avatar\/d23b64cffea0207421c08baa3a1b2b04f4ff15f04ecfdf92a4ddbae42a046ea0?s=96&d=mm&r=g","contentUrl":"https:\/\/secure.gravatar.com\/avatar\/d23b64cffea0207421c08baa3a1b2b04f4ff15f04ecfdf92a4ddbae42a046ea0?s=96&d=mm&r=g","caption":"Hermenegildo Maquina"},"sameAs":["https:\/\/mpd.gov.mz"],"url":"https:\/\/mpd.gov.mz\/index.php\/author\/hermenegildo-maquina\/"}]}},"_links":{"self":[{"href":"https:\/\/mpd.gov.mz\/index.php\/wp-json\/wp\/v2\/posts\/1033","targetHints":{"allow":["GET"]}}],"collection":[{"href":"https:\/\/mpd.gov.mz\/index.php\/wp-json\/wp\/v2\/posts"}],"about":[{"href":"https:\/\/mpd.gov.mz\/index.php\/wp-json\/wp\/v2\/types\/post"}],"author":[{"embeddable":true,"href":"https:\/\/mpd.gov.mz\/index.php\/wp-json\/wp\/v2\/users\/2"}],"replies":[{"embeddable":true,"href":"https:\/\/mpd.gov.mz\/index.php\/wp-json\/wp\/v2\/comments?post=1033"}],"version-history":[{"count":1,"href":"https:\/\/mpd.gov.mz\/index.php\/wp-json\/wp\/v2\/posts\/1033\/revisions"}],"predecessor-version":[{"id":1035,"href":"https:\/\/mpd.gov.mz\/index.php\/wp-json\/wp\/v2\/posts\/1033\/revisions\/1035"}],"wp:featuredmedia":[{"embeddable":true,"href":"https:\/\/mpd.gov.mz\/index.php\/wp-json\/wp\/v2\/media\/1034"}],"wp:attachment":[{"href":"https:\/\/mpd.gov.mz\/index.php\/wp-json\/wp\/v2\/media?parent=1033"}],"wp:term":[{"taxonomy":"category","embeddable":true,"href":"https:\/\/mpd.gov.mz\/index.php\/wp-json\/wp\/v2\/categories?post=1033"},{"taxonomy":"post_tag","embeddable":true,"href":"https:\/\/mpd.gov.mz\/index.php\/wp-json\/wp\/v2\/tags?post=1033"}],"curies":[{"name":"wp","href":"https:\/\/api.w.org\/{rel}","templated":true}]}}