{"id":1075,"date":"2026-02-16T21:28:52","date_gmt":"2026-02-16T21:28:52","guid":{"rendered":"https:\/\/mpd.gov.mz\/?p=1075"},"modified":"2026-02-16T21:33:22","modified_gmt":"2026-02-16T21:33:22","slug":"balanco-do-plano-economico-e-social-do-orcamento-do-estado-2025","status":"publish","type":"post","link":"https:\/\/mpd.gov.mz\/index.php\/2026\/02\/16\/balanco-do-plano-economico-e-social-do-orcamento-do-estado-2025\/","title":{"rendered":"BALAN\u00c7O DO PLANO ECON\u00d3MICO E SOCIAL DO OR\u00c7AMENTO DO ESTADO 2025"},"content":{"rendered":"\n<div data-wp-interactive=\"core\/file\" class=\"wp-block-file\"><object data-wp-bind--hidden=\"!state.hasPdfPreview\" hidden class=\"wp-block-file__embed\" data=\"https:\/\/mpd.gov.mz\/wp-content\/uploads\/2026\/02\/BdPESOE-ANUAL-2025.pdf\" type=\"application\/pdf\" style=\"width:100%;height:600px\" aria-label=\"Incorporado de BdPESOE ANUAL 2025.\"><\/object><a id=\"wp-block-file--media-6e49e045-b9a1-4291-961e-239b266f903d\" href=\"https:\/\/mpd.gov.mz\/wp-content\/uploads\/2026\/02\/BdPESOE-ANUAL-2025.pdf\">BdPESOE ANUAL 2025<\/a><a href=\"https:\/\/mpd.gov.mz\/wp-content\/uploads\/2026\/02\/BdPESOE-ANUAL-2025.pdf\" class=\"wp-block-file__button wp-element-button\" download aria-describedby=\"wp-block-file--media-6e49e045-b9a1-4291-961e-239b266f903d\">Baixar<\/a><\/div>\n\n\n\n<div data-wp-interactive=\"core\/file\" class=\"wp-block-file\"><object data-wp-bind--hidden=\"!state.hasPdfPreview\" hidden class=\"wp-block-file__embed\" data=\"https:\/\/mpd.gov.mz\/wp-content\/uploads\/2026\/02\/MAPA-IV-OPERACOES-FINANCEIRAS-1.pdf\" type=\"application\/pdf\" style=\"width:100%;height:600px\" aria-label=\"Incorporado de MAPA IV- OPERA\u00c7\u00d5ES FINANCEIRAS-1.\"><\/object><a id=\"wp-block-file--media-db271468-594d-4af7-b471-dac28ef01c3e\" href=\"https:\/\/mpd.gov.mz\/wp-content\/uploads\/2026\/02\/MAPA-IV-OPERACOES-FINANCEIRAS-1.pdf\">MAPA IV- OPERA\u00c7\u00d5ES FINANCEIRAS-1<\/a><\/div>\n\n\n\n<div data-wp-interactive=\"core\/file\" class=\"wp-block-file\"><object data-wp-bind--hidden=\"!state.hasPdfPreview\" hidden class=\"wp-block-file__embed\" data=\"https:\/\/mpd.gov.mz\/wp-content\/uploads\/2026\/02\/MAPA-IV-OPERACOES-FINANCEIRAS.pdf\" type=\"application\/pdf\" style=\"width:100%;height:600px\" aria-label=\"Incorporado de MAPA IV- OPERA\u00c7\u00d5ES FINANCEIRAS.\"><\/object><a id=\"wp-block-file--media-7b5af1d0-238d-4a96-8f09-aa5447027705\" href=\"https:\/\/mpd.gov.mz\/wp-content\/uploads\/2026\/02\/MAPA-IV-OPERACOES-FINANCEIRAS.pdf\">MAPA IV- OPERA\u00c7\u00d5ES FINANCEIRAS<\/a><\/div>\n\n\n\n<details class=\"wp-block-details is-layout-flow wp-block-details-is-layout-flow\"><summary><\/summary>\n<div class=\"wp-block-group is-layout-constrained wp-block-group-is-layout-constrained\">\n<div data-wp-interactive=\"core\/file\" class=\"wp-block-file\"><object data-wp-bind--hidden=\"!state.hasPdfPreview\" hidden class=\"wp-block-file__embed\" data=\"https:\/\/mpd.gov.mz\/wp-content\/uploads\/2026\/02\/Mapa-III-2-DESPESA-SEGUNDO-CLASSIFICACAO-FUNCIONAL.pdf\" type=\"application\/pdf\" style=\"width:100%;height:600px\" aria-label=\"Incorporado de Mapa III - 2 DESPESA SEGUNDO CLASSIFICA\u00c7\u00c3O FUNCIONAL.\"><\/object><a id=\"wp-block-file--media-e367fcd9-4be4-44c6-a165-689be404161c\" href=\"https:\/\/mpd.gov.mz\/wp-content\/uploads\/2026\/02\/Mapa-III-2-DESPESA-SEGUNDO-CLASSIFICACAO-FUNCIONAL.pdf\">Mapa III &#8211; 2 DESPESA SEGUNDO CLASSIFICA\u00c7\u00c3O FUNCIONAL<\/a><\/div>\n<\/div>\n<\/details>\n\n\n\n<div data-wp-interactive=\"core\/file\" class=\"wp-block-file\"><object data-wp-bind--hidden=\"!state.hasPdfPreview\" hidden class=\"wp-block-file__embed\" data=\"https:\/\/mpd.gov.mz\/wp-content\/uploads\/2026\/02\/MAPA-II-2-FINANCIAMENTO-DO-DEFICE.pdf\" type=\"application\/pdf\" style=\"width:100%;height:600px\" aria-label=\"Incorporado de MAPA II-2 FINANCIAMENTO DO D\u00c9FICE.\"><\/object><a id=\"wp-block-file--media-34bc47f4-4039-43fe-8171-01d894217d01\" href=\"https:\/\/mpd.gov.mz\/wp-content\/uploads\/2026\/02\/MAPA-II-2-FINANCIAMENTO-DO-DEFICE.pdf\">MAPA II-2 FINANCIAMENTO DO D\u00c9FICE<\/a><\/div>\n\n\n\n<div data-wp-interactive=\"core\/file\" class=\"wp-block-file\"><object data-wp-bind--hidden=\"!state.hasPdfPreview\" hidden class=\"wp-block-file__embed\" data=\"https:\/\/mpd.gov.mz\/wp-content\/uploads\/2026\/02\/Mapa-II-1-DESEMBOLSO-DOS-FUNDOS-COMUNS-POR-FINANCIADOR-2025.pdf\" type=\"application\/pdf\" style=\"width:100%;height:600px\" aria-label=\"Incorporado de Mapa II-1 DESEMBOLSO DOS FUNDOS COMUNS POR FINANCIADOR 2025.\"><\/object><a id=\"wp-block-file--media-ddd3716f-185f-4e41-9260-1325e7070808\" href=\"https:\/\/mpd.gov.mz\/wp-content\/uploads\/2026\/02\/Mapa-II-1-DESEMBOLSO-DOS-FUNDOS-COMUNS-POR-FINANCIADOR-2025.pdf\">Mapa II-1 DESEMBOLSO DOS FUNDOS COMUNS POR FINANCIADOR 2025<\/a><\/div>\n\n\n\n<div data-wp-interactive=\"core\/file\" class=\"wp-block-file\"><object data-wp-bind--hidden=\"!state.hasPdfPreview\" hidden class=\"wp-block-file__embed\" data=\"https:\/\/mpd.gov.mz\/wp-content\/uploads\/2026\/02\/Mapa-II-DESEMBOLSOS-DE-DONATIVOS-E-EMPRESTIMOS-EXTERNOS.pdf\" type=\"application\/pdf\" style=\"width:100%;height:600px\" aria-label=\"Incorporado de Mapa II- DESEMBOLSOS DE DONATIVOS E EMPR\u00c9STIMOS EXTERNOS.\"><\/object><a id=\"wp-block-file--media-aad4841f-f790-42a7-b0c5-f9ac8fe4ccf2\" href=\"https:\/\/mpd.gov.mz\/wp-content\/uploads\/2026\/02\/Mapa-II-DESEMBOLSOS-DE-DONATIVOS-E-EMPRESTIMOS-EXTERNOS.pdf\">Mapa II- DESEMBOLSOS DE DONATIVOS E EMPR\u00c9STIMOS EXTERNOS<\/a><\/div>\n\n\n\n<div data-wp-interactive=\"core\/file\" class=\"wp-block-file\"><object data-wp-bind--hidden=\"!state.hasPdfPreview\" hidden class=\"wp-block-file__embed\" data=\"https:\/\/mpd.gov.mz\/wp-content\/uploads\/2026\/02\/MAPA-I-RECEITA-DO-ESTADO.pdf\" type=\"application\/pdf\" style=\"width:100%;height:600px\" aria-label=\"Incorporado de MAPA I- RECEITA DO ESTADO.\"><\/object><a id=\"wp-block-file--media-68e4447c-b7c2-4503-89fe-1ca8212670be\" href=\"https:\/\/mpd.gov.mz\/wp-content\/uploads\/2026\/02\/MAPA-I-RECEITA-DO-ESTADO.pdf\">MAPA I- RECEITA DO ESTADO<\/a><\/div>\n\n\n\n<div data-wp-interactive=\"core\/file\" class=\"wp-block-file\"><object data-wp-bind--hidden=\"!state.hasPdfPreview\" hidden class=\"wp-block-file__embed\" data=\"https:\/\/mpd.gov.mz\/wp-content\/uploads\/2026\/02\/ANEXO-INFORMATIVO-III-CAPITAL-DAS-EMPRESAS-COM-PARTICIPACOES-DO-ESTADO.pdf\" type=\"application\/pdf\" style=\"width:100%;height:600px\" aria-label=\"Incorporado de ANEXO INFORMATIVO III - CAPITAL DAS EMPRESAS COM PARTICIPA\u00c7\u00d5ES DO ESTADO.\"><\/object><a id=\"wp-block-file--media-daf26bb0-f05f-48cc-b092-7e341c295f96\" href=\"https:\/\/mpd.gov.mz\/wp-content\/uploads\/2026\/02\/ANEXO-INFORMATIVO-III-CAPITAL-DAS-EMPRESAS-COM-PARTICIPACOES-DO-ESTADO.pdf\">ANEXO INFORMATIVO III &#8211; CAPITAL DAS EMPRESAS COM PARTICIPA\u00c7\u00d5ES DO ESTADO<\/a><\/div>\n\n\n\n<div data-wp-interactive=\"core\/file\" class=\"wp-block-file\"><object data-wp-bind--hidden=\"!state.hasPdfPreview\" hidden class=\"wp-block-file__embed\" data=\"https:\/\/mpd.gov.mz\/wp-content\/uploads\/2026\/02\/ANEXO-INFORMATIVO-II-MOVIMENTO-DOS-CREDITOS-DO-ESTADO.pdf\" type=\"application\/pdf\" style=\"width:100%;height:600px\" aria-label=\"Incorporado de ANEXO INFORMATIVO II- MOVIMENTO DOS CR\u00c9DITOS DO ESTADO.\"><\/object><a id=\"wp-block-file--media-f51dae51-7ac9-4730-98f4-b3f1ae6df528\" href=\"https:\/\/mpd.gov.mz\/wp-content\/uploads\/2026\/02\/ANEXO-INFORMATIVO-II-MOVIMENTO-DOS-CREDITOS-DO-ESTADO.pdf\">ANEXO INFORMATIVO II- MOVIMENTO DOS CR\u00c9DITOS DO ESTADO<\/a><\/div>\n\n\n\n<div data-wp-interactive=\"core\/file\" class=\"wp-block-file\"><object data-wp-bind--hidden=\"!state.hasPdfPreview\" hidden class=\"wp-block-file__embed\" data=\"https:\/\/mpd.gov.mz\/wp-content\/uploads\/2026\/02\/ANEXO-INFORMATIVO-I-CREDITO-MAL-PARADO-do-Ex-Banco-Austral.pdf\" type=\"application\/pdf\" style=\"width:100%;height:600px\" aria-label=\"Incorporado de ANEXO INFORMATIVO I- CR\u00c9DITO MAL PARADO do Ex Banco Austral.\"><\/object><a id=\"wp-block-file--media-8cd316c3-e7ce-4a66-8445-c5061f24a9b4\" href=\"https:\/\/mpd.gov.mz\/wp-content\/uploads\/2026\/02\/ANEXO-INFORMATIVO-I-CREDITO-MAL-PARADO-do-Ex-Banco-Austral.pdf\">ANEXO INFORMATIVO I- CR\u00c9DITO MAL PARADO do Ex Banco Austral<\/a><\/div>\n\n\n\n<div data-wp-interactive=\"core\/file\" class=\"wp-block-file\"><object data-wp-bind--hidden=\"!state.hasPdfPreview\" hidden class=\"wp-block-file__embed\" data=\"https:\/\/mpd.gov.mz\/wp-content\/uploads\/2026\/02\/ANEXO-INFORMATIVO-4-EXECUCAO-ORCAMENTAL-DE-PROJECTOS-FINANCIADOS-COM-RECEITAS-DE-LNG-ANO-2025.pdf\" type=\"application\/pdf\" style=\"width:100%;height:600px\" aria-label=\"Incorporado de ANEXO INFORMATIVO 4 EXECU\u00c7\u00c3O OR\u00c7AMENTAL DE PROJECTOS FINANCIADOS COM RECEITAS DE LNG ANO 2025.\"><\/object><a id=\"wp-block-file--media-4cba8c76-1bf5-487c-92f0-73fcff92af93\" href=\"https:\/\/mpd.gov.mz\/wp-content\/uploads\/2026\/02\/ANEXO-INFORMATIVO-4-EXECUCAO-ORCAMENTAL-DE-PROJECTOS-FINANCIADOS-COM-RECEITAS-DE-LNG-ANO-2025.pdf\">ANEXO INFORMATIVO 4 EXECU\u00c7\u00c3O OR\u00c7AMENTAL DE PROJECTOS FINANCIADOS COM RECEITAS DE LNG ANO 2025<\/a><\/div>\n\n\n\n<div data-wp-interactive=\"core\/file\" class=\"wp-block-file\"><object data-wp-bind--hidden=\"!state.hasPdfPreview\" hidden class=\"wp-block-file__embed\" data=\"https:\/\/mpd.gov.mz\/wp-content\/uploads\/2026\/02\/ANEXO-DNCP-Compromissos-Sectoriais.pdf\" type=\"application\/pdf\" style=\"width:100%;height:600px\" aria-label=\"Incorporado de ANEXO DNCP Compromissos Sectoriais.\"><\/object><a id=\"wp-block-file--media-3ad6ffe9-d025-4321-9000-8c3bc755475f\" href=\"https:\/\/mpd.gov.mz\/wp-content\/uploads\/2026\/02\/ANEXO-DNCP-Compromissos-Sectoriais.pdf\">ANEXO DNCP Compromissos Sectoriais<\/a><\/div>\n","protected":false},"excerpt":{"rendered":"","protected":false},"author":2,"featured_media":0,"comment_status":"open","ping_status":"open","sticky":false,"template":"","format":"standard","meta":{"footnotes":""},"categories":[21],"tags":[],"class_list":["post-1075","post","type-post","status-publish","format-standard","hentry","category-noticias"],"yoast_head":"<!-- This site is optimized with the Yoast SEO plugin v26.1.1 - https:\/\/yoast.com\/wordpress\/plugins\/seo\/ -->\n<title>BALAN\u00c7O DO PLANO ECON\u00d3MICO E SOCIAL DO OR\u00c7AMENTO DO ESTADO 2025 - Minist\u00e9rio da Planifica\u00e7\u00e3o e Desenvolvimento<\/title>\n<meta name=\"robots\" content=\"index, follow, max-snippet:-1, max-image-preview:large, max-video-preview:-1\" \/>\n<link rel=\"canonical\" href=\"https:\/\/mpd.gov.mz\/index.php\/2026\/02\/16\/balanco-do-plano-economico-e-social-do-orcamento-do-estado-2025\/\" \/>\n<meta property=\"og:locale\" content=\"pt_BR\" \/>\n<meta property=\"og:type\" content=\"article\" \/>\n<meta property=\"og:title\" content=\"BALAN\u00c7O DO PLANO ECON\u00d3MICO E SOCIAL DO OR\u00c7AMENTO DO ESTADO 2025 - Minist\u00e9rio da Planifica\u00e7\u00e3o e Desenvolvimento\" \/>\n<meta property=\"og:url\" content=\"https:\/\/mpd.gov.mz\/index.php\/2026\/02\/16\/balanco-do-plano-economico-e-social-do-orcamento-do-estado-2025\/\" \/>\n<meta property=\"og:site_name\" content=\"Minist\u00e9rio da Planifica\u00e7\u00e3o e Desenvolvimento\" \/>\n<meta property=\"article:published_time\" content=\"2026-02-16T21:28:52+00:00\" \/>\n<meta property=\"article:modified_time\" content=\"2026-02-16T21:33:22+00:00\" \/>\n<meta name=\"author\" content=\"Hermenegildo Maquina\" \/>\n<meta name=\"twitter:card\" content=\"summary_large_image\" \/>\n<meta name=\"twitter:label1\" content=\"Escrito por\" \/>\n\t<meta name=\"twitter:data1\" content=\"Hermenegildo Maquina\" \/>\n\t<meta name=\"twitter:label2\" content=\"Est. tempo de leitura\" \/>\n\t<meta name=\"twitter:data2\" content=\"1 minuto\" \/>\n<script type=\"application\/ld+json\" class=\"yoast-schema-graph\">{\"@context\":\"https:\/\/schema.org\",\"@graph\":[{\"@type\":\"Article\",\"@id\":\"https:\/\/mpd.gov.mz\/index.php\/2026\/02\/16\/balanco-do-plano-economico-e-social-do-orcamento-do-estado-2025\/#article\",\"isPartOf\":{\"@id\":\"https:\/\/mpd.gov.mz\/index.php\/2026\/02\/16\/balanco-do-plano-economico-e-social-do-orcamento-do-estado-2025\/\"},\"author\":{\"name\":\"Hermenegildo Maquina\",\"@id\":\"https:\/\/mpd.gov.mz\/#\/schema\/person\/68b27d994a4e959b869e600df8c9191f\"},\"headline\":\"BALAN\u00c7O DO PLANO ECON\u00d3MICO E SOCIAL DO OR\u00c7AMENTO DO ESTADO 2025\",\"datePublished\":\"2026-02-16T21:28:52+00:00\",\"dateModified\":\"2026-02-16T21:33:22+00:00\",\"mainEntityOfPage\":{\"@id\":\"https:\/\/mpd.gov.mz\/index.php\/2026\/02\/16\/balanco-do-plano-economico-e-social-do-orcamento-do-estado-2025\/\"},\"wordCount\":112,\"commentCount\":0,\"publisher\":{\"@id\":\"https:\/\/mpd.gov.mz\/#organization\"},\"articleSection\":[\"Noticias\"],\"inLanguage\":\"pt-BR\",\"potentialAction\":[{\"@type\":\"CommentAction\",\"name\":\"Comment\",\"target\":[\"https:\/\/mpd.gov.mz\/index.php\/2026\/02\/16\/balanco-do-plano-economico-e-social-do-orcamento-do-estado-2025\/#respond\"]}]},{\"@type\":\"WebPage\",\"@id\":\"https:\/\/mpd.gov.mz\/index.php\/2026\/02\/16\/balanco-do-plano-economico-e-social-do-orcamento-do-estado-2025\/\",\"url\":\"https:\/\/mpd.gov.mz\/index.php\/2026\/02\/16\/balanco-do-plano-economico-e-social-do-orcamento-do-estado-2025\/\",\"name\":\"BALAN\u00c7O DO PLANO ECON\u00d3MICO E SOCIAL DO OR\u00c7AMENTO DO ESTADO 2025 - Minist\u00e9rio da Planifica\u00e7\u00e3o e Desenvolvimento\",\"isPartOf\":{\"@id\":\"https:\/\/mpd.gov.mz\/#website\"},\"datePublished\":\"2026-02-16T21:28:52+00:00\",\"dateModified\":\"2026-02-16T21:33:22+00:00\",\"breadcrumb\":{\"@id\":\"https:\/\/mpd.gov.mz\/index.php\/2026\/02\/16\/balanco-do-plano-economico-e-social-do-orcamento-do-estado-2025\/#breadcrumb\"},\"inLanguage\":\"pt-BR\",\"potentialAction\":[{\"@type\":\"ReadAction\",\"target\":[\"https:\/\/mpd.gov.mz\/index.php\/2026\/02\/16\/balanco-do-plano-economico-e-social-do-orcamento-do-estado-2025\/\"]}]},{\"@type\":\"BreadcrumbList\",\"@id\":\"https:\/\/mpd.gov.mz\/index.php\/2026\/02\/16\/balanco-do-plano-economico-e-social-do-orcamento-do-estado-2025\/#breadcrumb\",\"itemListElement\":[{\"@type\":\"ListItem\",\"position\":1,\"name\":\"In\u00edcio\",\"item\":\"https:\/\/mpd.gov.mz\/\"},{\"@type\":\"ListItem\",\"position\":2,\"name\":\"BALAN\u00c7O DO PLANO ECON\u00d3MICO E SOCIAL DO OR\u00c7AMENTO DO ESTADO 2025\"}]},{\"@type\":\"WebSite\",\"@id\":\"https:\/\/mpd.gov.mz\/#website\",\"url\":\"https:\/\/mpd.gov.mz\/\",\"name\":\"Minist\u00e9rio da Planifica\u00e7\u00e3o e Desenvolvimento\",\"description\":\"\",\"publisher\":{\"@id\":\"https:\/\/mpd.gov.mz\/#organization\"},\"potentialAction\":[{\"@type\":\"SearchAction\",\"target\":{\"@type\":\"EntryPoint\",\"urlTemplate\":\"https:\/\/mpd.gov.mz\/?s={search_term_string}\"},\"query-input\":{\"@type\":\"PropertyValueSpecification\",\"valueRequired\":true,\"valueName\":\"search_term_string\"}}],\"inLanguage\":\"pt-BR\"},{\"@type\":\"Organization\",\"@id\":\"https:\/\/mpd.gov.mz\/#organization\",\"name\":\"Minist\u00e9rio da Planifica\u00e7\u00e3o e Desenvolvimento\",\"url\":\"https:\/\/mpd.gov.mz\/\",\"logo\":{\"@type\":\"ImageObject\",\"inLanguage\":\"pt-BR\",\"@id\":\"https:\/\/mpd.gov.mz\/#\/schema\/logo\/image\/\",\"url\":\"https:\/\/mpd.gov.mz\/wp-content\/uploads\/2025\/10\/Emblem_of_Mozambique.svg.png\",\"contentUrl\":\"https:\/\/mpd.gov.mz\/wp-content\/uploads\/2025\/10\/Emblem_of_Mozambique.svg.png\",\"width\":1897,\"height\":2049,\"caption\":\"Minist\u00e9rio da Planifica\u00e7\u00e3o e Desenvolvimento\"},\"image\":{\"@id\":\"https:\/\/mpd.gov.mz\/#\/schema\/logo\/image\/\"}},{\"@type\":\"Person\",\"@id\":\"https:\/\/mpd.gov.mz\/#\/schema\/person\/68b27d994a4e959b869e600df8c9191f\",\"name\":\"Hermenegildo Maquina\",\"image\":{\"@type\":\"ImageObject\",\"inLanguage\":\"pt-BR\",\"@id\":\"https:\/\/mpd.gov.mz\/#\/schema\/person\/image\/\",\"url\":\"https:\/\/secure.gravatar.com\/avatar\/d23b64cffea0207421c08baa3a1b2b04f4ff15f04ecfdf92a4ddbae42a046ea0?s=96&d=mm&r=g\",\"contentUrl\":\"https:\/\/secure.gravatar.com\/avatar\/d23b64cffea0207421c08baa3a1b2b04f4ff15f04ecfdf92a4ddbae42a046ea0?s=96&d=mm&r=g\",\"caption\":\"Hermenegildo Maquina\"},\"sameAs\":[\"https:\/\/mpd.gov.mz\"],\"url\":\"https:\/\/mpd.gov.mz\/index.php\/author\/hermenegildo-maquina\/\"}]}<\/script>\n<!-- \/ Yoast SEO plugin. -->","yoast_head_json":{"title":"BALAN\u00c7O DO PLANO ECON\u00d3MICO E SOCIAL DO OR\u00c7AMENTO DO ESTADO 2025 - Minist\u00e9rio da Planifica\u00e7\u00e3o e Desenvolvimento","robots":{"index":"index","follow":"follow","max-snippet":"max-snippet:-1","max-image-preview":"max-image-preview:large","max-video-preview":"max-video-preview:-1"},"canonical":"https:\/\/mpd.gov.mz\/index.php\/2026\/02\/16\/balanco-do-plano-economico-e-social-do-orcamento-do-estado-2025\/","og_locale":"pt_BR","og_type":"article","og_title":"BALAN\u00c7O DO PLANO ECON\u00d3MICO E SOCIAL DO OR\u00c7AMENTO DO ESTADO 2025 - Minist\u00e9rio da Planifica\u00e7\u00e3o e Desenvolvimento","og_url":"https:\/\/mpd.gov.mz\/index.php\/2026\/02\/16\/balanco-do-plano-economico-e-social-do-orcamento-do-estado-2025\/","og_site_name":"Minist\u00e9rio da Planifica\u00e7\u00e3o e Desenvolvimento","article_published_time":"2026-02-16T21:28:52+00:00","article_modified_time":"2026-02-16T21:33:22+00:00","author":"Hermenegildo Maquina","twitter_card":"summary_large_image","twitter_misc":{"Escrito por":"Hermenegildo Maquina","Est. tempo de leitura":"1 minuto"},"schema":{"@context":"https:\/\/schema.org","@graph":[{"@type":"Article","@id":"https:\/\/mpd.gov.mz\/index.php\/2026\/02\/16\/balanco-do-plano-economico-e-social-do-orcamento-do-estado-2025\/#article","isPartOf":{"@id":"https:\/\/mpd.gov.mz\/index.php\/2026\/02\/16\/balanco-do-plano-economico-e-social-do-orcamento-do-estado-2025\/"},"author":{"name":"Hermenegildo Maquina","@id":"https:\/\/mpd.gov.mz\/#\/schema\/person\/68b27d994a4e959b869e600df8c9191f"},"headline":"BALAN\u00c7O DO PLANO ECON\u00d3MICO E SOCIAL DO OR\u00c7AMENTO DO ESTADO 2025","datePublished":"2026-02-16T21:28:52+00:00","dateModified":"2026-02-16T21:33:22+00:00","mainEntityOfPage":{"@id":"https:\/\/mpd.gov.mz\/index.php\/2026\/02\/16\/balanco-do-plano-economico-e-social-do-orcamento-do-estado-2025\/"},"wordCount":112,"commentCount":0,"publisher":{"@id":"https:\/\/mpd.gov.mz\/#organization"},"articleSection":["Noticias"],"inLanguage":"pt-BR","potentialAction":[{"@type":"CommentAction","name":"Comment","target":["https:\/\/mpd.gov.mz\/index.php\/2026\/02\/16\/balanco-do-plano-economico-e-social-do-orcamento-do-estado-2025\/#respond"]}]},{"@type":"WebPage","@id":"https:\/\/mpd.gov.mz\/index.php\/2026\/02\/16\/balanco-do-plano-economico-e-social-do-orcamento-do-estado-2025\/","url":"https:\/\/mpd.gov.mz\/index.php\/2026\/02\/16\/balanco-do-plano-economico-e-social-do-orcamento-do-estado-2025\/","name":"BALAN\u00c7O DO PLANO ECON\u00d3MICO E SOCIAL DO OR\u00c7AMENTO DO ESTADO 2025 - Minist\u00e9rio da Planifica\u00e7\u00e3o e Desenvolvimento","isPartOf":{"@id":"https:\/\/mpd.gov.mz\/#website"},"datePublished":"2026-02-16T21:28:52+00:00","dateModified":"2026-02-16T21:33:22+00:00","breadcrumb":{"@id":"https:\/\/mpd.gov.mz\/index.php\/2026\/02\/16\/balanco-do-plano-economico-e-social-do-orcamento-do-estado-2025\/#breadcrumb"},"inLanguage":"pt-BR","potentialAction":[{"@type":"ReadAction","target":["https:\/\/mpd.gov.mz\/index.php\/2026\/02\/16\/balanco-do-plano-economico-e-social-do-orcamento-do-estado-2025\/"]}]},{"@type":"BreadcrumbList","@id":"https:\/\/mpd.gov.mz\/index.php\/2026\/02\/16\/balanco-do-plano-economico-e-social-do-orcamento-do-estado-2025\/#breadcrumb","itemListElement":[{"@type":"ListItem","position":1,"name":"In\u00edcio","item":"https:\/\/mpd.gov.mz\/"},{"@type":"ListItem","position":2,"name":"BALAN\u00c7O DO PLANO ECON\u00d3MICO E SOCIAL DO OR\u00c7AMENTO DO ESTADO 2025"}]},{"@type":"WebSite","@id":"https:\/\/mpd.gov.mz\/#website","url":"https:\/\/mpd.gov.mz\/","name":"Minist\u00e9rio da Planifica\u00e7\u00e3o e Desenvolvimento","description":"","publisher":{"@id":"https:\/\/mpd.gov.mz\/#organization"},"potentialAction":[{"@type":"SearchAction","target":{"@type":"EntryPoint","urlTemplate":"https:\/\/mpd.gov.mz\/?s={search_term_string}"},"query-input":{"@type":"PropertyValueSpecification","valueRequired":true,"valueName":"search_term_string"}}],"inLanguage":"pt-BR"},{"@type":"Organization","@id":"https:\/\/mpd.gov.mz\/#organization","name":"Minist\u00e9rio da Planifica\u00e7\u00e3o e Desenvolvimento","url":"https:\/\/mpd.gov.mz\/","logo":{"@type":"ImageObject","inLanguage":"pt-BR","@id":"https:\/\/mpd.gov.mz\/#\/schema\/logo\/image\/","url":"https:\/\/mpd.gov.mz\/wp-content\/uploads\/2025\/10\/Emblem_of_Mozambique.svg.png","contentUrl":"https:\/\/mpd.gov.mz\/wp-content\/uploads\/2025\/10\/Emblem_of_Mozambique.svg.png","width":1897,"height":2049,"caption":"Minist\u00e9rio da Planifica\u00e7\u00e3o e Desenvolvimento"},"image":{"@id":"https:\/\/mpd.gov.mz\/#\/schema\/logo\/image\/"}},{"@type":"Person","@id":"https:\/\/mpd.gov.mz\/#\/schema\/person\/68b27d994a4e959b869e600df8c9191f","name":"Hermenegildo Maquina","image":{"@type":"ImageObject","inLanguage":"pt-BR","@id":"https:\/\/mpd.gov.mz\/#\/schema\/person\/image\/","url":"https:\/\/secure.gravatar.com\/avatar\/d23b64cffea0207421c08baa3a1b2b04f4ff15f04ecfdf92a4ddbae42a046ea0?s=96&d=mm&r=g","contentUrl":"https:\/\/secure.gravatar.com\/avatar\/d23b64cffea0207421c08baa3a1b2b04f4ff15f04ecfdf92a4ddbae42a046ea0?s=96&d=mm&r=g","caption":"Hermenegildo Maquina"},"sameAs":["https:\/\/mpd.gov.mz"],"url":"https:\/\/mpd.gov.mz\/index.php\/author\/hermenegildo-maquina\/"}]}},"_links":{"self":[{"href":"https:\/\/mpd.gov.mz\/index.php\/wp-json\/wp\/v2\/posts\/1075","targetHints":{"allow":["GET"]}}],"collection":[{"href":"https:\/\/mpd.gov.mz\/index.php\/wp-json\/wp\/v2\/posts"}],"about":[{"href":"https:\/\/mpd.gov.mz\/index.php\/wp-json\/wp\/v2\/types\/post"}],"author":[{"embeddable":true,"href":"https:\/\/mpd.gov.mz\/index.php\/wp-json\/wp\/v2\/users\/2"}],"replies":[{"embeddable":true,"href":"https:\/\/mpd.gov.mz\/index.php\/wp-json\/wp\/v2\/comments?post=1075"}],"version-history":[{"count":1,"href":"https:\/\/mpd.gov.mz\/index.php\/wp-json\/wp\/v2\/posts\/1075\/revisions"}],"predecessor-version":[{"id":1089,"href":"https:\/\/mpd.gov.mz\/index.php\/wp-json\/wp\/v2\/posts\/1075\/revisions\/1089"}],"wp:attachment":[{"href":"https:\/\/mpd.gov.mz\/index.php\/wp-json\/wp\/v2\/media?parent=1075"}],"wp:term":[{"taxonomy":"category","embeddable":true,"href":"https:\/\/mpd.gov.mz\/index.php\/wp-json\/wp\/v2\/categories?post=1075"},{"taxonomy":"post_tag","embeddable":true,"href":"https:\/\/mpd.gov.mz\/index.php\/wp-json\/wp\/v2\/tags?post=1075"}],"curies":[{"name":"wp","href":"https:\/\/api.w.org\/{rel}","templated":true}]}}