{"id":1106,"date":"2026-03-23T18:49:44","date_gmt":"2026-03-23T18:49:44","guid":{"rendered":"https:\/\/mpd.gov.mz\/?p=1106"},"modified":"2026-03-23T18:52:04","modified_gmt":"2026-03-23T18:52:04","slug":"governo-posiciona-reconstrucao-pos-cheias-como-abordagem-estrategica-de-transformacao-economica","status":"publish","type":"post","link":"https:\/\/mpd.gov.mz\/index.php\/2026\/03\/23\/governo-posiciona-reconstrucao-pos-cheias-como-abordagem-estrategica-de-transformacao-economica\/","title":{"rendered":"Governo posiciona reconstru\u00e7\u00e3o p\u00f3s-cheias como abordagem estrat\u00e9gica de transforma\u00e7\u00e3o econ\u00f3mica"},"content":{"rendered":"\n<ul class=\"wp-block-list\">\n<li class=\"has-medium-font-size\"><strong>Plano preliminar de recupera\u00e7\u00e3o avaliado em 788,5 milh\u00f5es de d\u00f3lares mobiliza Governo e parceiros para refor\u00e7ar resili\u00eancia clim\u00e1tica e acelerar reformas estruturais<\/strong><\/li>\n<\/ul>\n\n\n\n<p class=\"has-medium-font-size\">O Governo de Mo\u00e7ambique est\u00e1 a posicionar o processo de reconstru\u00e7\u00e3o p\u00f3s-cheias como uma <strong>agenda estrat\u00e9gica de transforma\u00e7\u00e3o econ\u00f3mica e institucional<\/strong>, que vai al\u00e9m da resposta de emerg\u00eancia e procura refor\u00e7ar a resili\u00eancia do pa\u00eds face aos choques clim\u00e1ticos.<\/p>\n\n\n\n<p class=\"has-medium-font-size\">Esta abordagem foi apresentada durante a reuni\u00e3o do <strong>Conselho de Parceiros para o Desenvolvimento (DCP)<\/strong> com o Minist\u00e9rio da Planifica\u00e7\u00e3o e Desenvolvimento (MPD), onde foram discutidas as prioridades nacionais para a recupera\u00e7\u00e3o e reconstru\u00e7\u00e3o ap\u00f3s os recentes eventos clim\u00e1ticos extremos.<\/p>\n\n\n\n<p class=\"has-medium-font-size\">Na ocasi\u00e3o, o Ministro da Planifica\u00e7\u00e3o e Desenvolvimento, <strong>Salim Val\u00e1<\/strong>, destacou que os impactos econ\u00f3micos destes fen\u00f3menos exigem respostas estruturais e uma maior capacidade de coordena\u00e7\u00e3o entre institui\u00e7\u00f5es p\u00fablicas, parceiros de desenvolvimento e sector privado.<\/p>\n\n\n\n<p class=\"has-medium-font-size\">Segundo o governante, estudos indicam que cada evento clim\u00e1tico severo pode provocar perdas econ\u00f3micas significativas.<\/p>\n\n\n\n<figure class=\"wp-block-image size-full\"><img fetchpriority=\"high\" decoding=\"async\" width=\"1398\" height=\"940\" src=\"https:\/\/mpd.gov.mz\/wp-content\/uploads\/2026\/03\/MEETING-EMBAIXADOR-2.jpg\" alt=\"\" class=\"wp-image-1108\" style=\"aspect-ratio:4\/3;object-fit:cover\"\/><\/figure>\n\n\n\n<p class=\"has-medium-font-size\">\u201cCada vez que ocorre um evento clim\u00e1tico desta magnitude, a economia pode perder entre <strong>1% e 2% do Produto Interno Bruto<\/strong>, ao mesmo tempo que se verifica um aumento do \u00edndice de pobreza\u201d, afirmou.<\/p>\n\n\n\n<p class=\"has-medium-font-size\">Neste contexto, o Governo est\u00e1 a preparar um <strong>plano preliminar de recupera\u00e7\u00e3o avaliado em cerca de 788,5 milh\u00f5es de d\u00f3lares<\/strong>, que dever\u00e1 articular interven\u00e7\u00f5es de assist\u00eancia humanit\u00e1ria, reconstru\u00e7\u00e3o de infra-estruturas, recupera\u00e7\u00e3o econ\u00f3mica e refor\u00e7o da capacidade de preven\u00e7\u00e3o e gest\u00e3o de desastres.<\/p>\n\n\n\n<p class=\"has-medium-font-size\">De acordo com as estimativas iniciais, a reconstru\u00e7\u00e3o de infra-estruturas absorver\u00e1 cerca de <strong>42% dos recursos previstos<\/strong>, enquanto a assist\u00eancia humanit\u00e1ria representar\u00e1 aproximadamente <strong>32,6% do total<\/strong>. A recupera\u00e7\u00e3o econ\u00f3mica e a reposi\u00e7\u00e3o dos meios de subsist\u00eancia dever\u00e3o mobilizar cerca de <strong>21% dos recursos<\/strong>, sendo o restante destinado a iniciativas de redu\u00e7\u00e3o do risco de desastres.<\/p>\n\n\n\n<p class=\"has-medium-font-size\">O Ministro Salim Val\u00e1 sublinhou que o objectivo do Governo \u00e9 garantir que o processo de reconstru\u00e7\u00e3o contribua para um desenvolvimento mais sustent\u00e1vel.<\/p>\n\n\n\n<p class=\"has-medium-font-size\">\u201cPrecisamos de um instrumento que permita articular a resposta de emerg\u00eancia com interven\u00e7\u00f5es de recupera\u00e7\u00e3o e reconstru\u00e7\u00e3o, aproveitando este processo para promover <strong>uma transforma\u00e7\u00e3o estrutural da economia e da sociedade<\/strong>\u201d, referiu.<\/p>\n\n\n\n<figure class=\"wp-block-image size-full\"><img decoding=\"async\" width=\"1399\" height=\"934\" src=\"https:\/\/mpd.gov.mz\/wp-content\/uploads\/2026\/03\/MEETING-EMBAIXADOR-3.jpg\" alt=\"\" class=\"wp-image-1109\" style=\"aspect-ratio:4\/3;object-fit:cover\"\/><\/figure>\n\n\n\n<p class=\"has-medium-font-size\"><strong>Refor\u00e7o institucional e coordena\u00e7\u00e3o com parceiros<\/strong><\/p>\n\n\n\n<p class=\"has-medium-font-size\">O Governo considera que o sucesso do processo de reconstru\u00e7\u00e3o depender\u00e1 n\u00e3o apenas da mobiliza\u00e7\u00e3o de recursos financeiros, mas tamb\u00e9m do refor\u00e7o da capacidade institucional para implementar pol\u00edticas, programas e projectos de forma eficaz.<\/p>\n\n\n\n<p class=\"has-medium-font-size\">Nesse sentido, o Ministro da Planifica\u00e7\u00e3o e Desenvolvimento destacou que o fortalecimento das institui\u00e7\u00f5es p\u00fablicas constitui um elemento central da agenda governamental.<\/p>\n\n\n\n<p class=\"has-medium-font-size\">\u201cA nossa preocupa\u00e7\u00e3o \u00e9 garantir <strong>pol\u00edticas consistentes e institui\u00e7\u00f5es capazes de formular, ajustar, monitorar e executar pol\u00edticas p\u00fablicas<\/strong>, respondendo \u00e0s mudan\u00e7as econ\u00f3micas e sociais\u201d, explicou.<\/p>\n\n\n\n<p class=\"has-medium-font-size\">Durante o encontro, representantes de parceiros de coopera\u00e7\u00e3o manifestaram igualmente disponibilidade para apoiar a implementa\u00e7\u00e3o do plano de recupera\u00e7\u00e3o e reconstru\u00e7\u00e3o.<\/p>\n\n\n\n<figure class=\"wp-block-image size-full\"><img decoding=\"async\" width=\"1399\" height=\"930\" src=\"https:\/\/mpd.gov.mz\/wp-content\/uploads\/2026\/03\/MEETING-EMBAIXADOR-4.jpg\" alt=\"\" class=\"wp-image-1110\" style=\"aspect-ratio:4\/3;object-fit:cover\"\/><\/figure>\n\n\n\n<p class=\"has-medium-font-size\">O Director do Banco Mundial para Mo\u00e7ambique, <strong>Fily Sissoko<\/strong>, sublinhou que o pa\u00eds disp\u00f5e de um portf\u00f3lio significativo de financiamento, sendo fundamental refor\u00e7ar a capacidade de execu\u00e7\u00e3o dos projectos para maximizar o impacto desses recursos.<\/p>\n\n\n\n<p class=\"has-medium-font-size\">\u201cO desafio n\u00e3o \u00e9 apenas mobilizar recursos adicionais, mas garantir que os projectos sejam executados de forma eficiente e que os mo\u00e7ambicanos beneficiem plenamente desses investimentos\u201d, afirmou.<\/p>\n\n\n\n<p class=\"has-medium-font-size\"><strong>Reconstru\u00e7\u00e3o como oportunidade para desenvolvimento resiliente<\/strong><\/p>\n\n\n\n<p class=\"has-medium-font-size\">O Governo entende que o actual processo de reconstru\u00e7\u00e3o representa tamb\u00e9m uma oportunidade para promover reformas estruturais, melhorar o ordenamento territorial e fortalecer a resili\u00eancia econ\u00f3mica e social do pa\u00eds.<\/p>\n\n\n\n<p class=\"has-medium-font-size\">A estrat\u00e9gia em prepara\u00e7\u00e3o prev\u00ea uma abordagem integrada que envolve <strong>institui\u00e7\u00f5es p\u00fablicas, parceiros internacionais, sector privado, sociedade civil e institui\u00e7\u00f5es acad\u00e9micas<\/strong>, com o objectivo de garantir uma recupera\u00e7\u00e3o sustent\u00e1vel e inclusiva.<\/p>\n\n\n\n<p class=\"has-medium-font-size\">Para o Minist\u00e9rio da Planifica\u00e7\u00e3o e Desenvolvimento, o processo de reconstru\u00e7\u00e3o deve constituir um ponto de viragem que permita n\u00e3o apenas repor infra-estruturas destru\u00eddas, mas tamb\u00e9m <strong>acelerar a transforma\u00e7\u00e3o estrutural da economia mo\u00e7ambicana e refor\u00e7ar a capacidade do pa\u00eds para enfrentar desafios futuros<\/strong>.<\/p>\n\n\n\n<p><\/p>\n","protected":false},"excerpt":{"rendered":"<p>O Governo de Mo\u00e7ambique est\u00e1 a posicionar o processo de reconstru\u00e7\u00e3o p\u00f3s-cheias como uma agenda estrat\u00e9gica de transforma\u00e7\u00e3o econ\u00f3mica e institucional, que vai al\u00e9m da resposta de emerg\u00eancia e procura refor\u00e7ar a resili\u00eancia do pa\u00eds face aos choques clim\u00e1ticos. Esta abordagem foi apresentada durante a reuni\u00e3o do Conselho de Parceiros para o Desenvolvimento (DCP) com o Minist\u00e9rio da Planifica\u00e7\u00e3o e Desenvolvimento (MPD), onde foram discutidas as prioridades nacionais para a recupera\u00e7\u00e3o e reconstru\u00e7\u00e3o ap\u00f3s os recentes eventos clim\u00e1ticos extremos. Na ocasi\u00e3o, o Ministro da Planifica\u00e7\u00e3o e Desenvolvimento, Salim Val\u00e1, destacou que os impactos econ\u00f3micos destes fen\u00f3menos exigem respostas estruturais e uma maior capacidade de coordena\u00e7\u00e3o entre institui\u00e7\u00f5es p\u00fablicas, parceiros de desenvolvimento e sector privado. Segundo o governante, estudos indicam que cada evento clim\u00e1tico severo pode provocar perdas econ\u00f3micas significativas. \u201cCada vez que ocorre um evento clim\u00e1tico desta magnitude, a economia pode perder entre 1% e 2% do Produto Interno Bruto, ao mesmo tempo que se verifica um aumento do \u00edndice de pobreza\u201d, afirmou. Neste contexto, o Governo est\u00e1 a preparar um plano preliminar de recupera\u00e7\u00e3o avaliado em cerca de 788,5 milh\u00f5es de d\u00f3lares, que dever\u00e1 articular interven\u00e7\u00f5es de assist\u00eancia humanit\u00e1ria, reconstru\u00e7\u00e3o de infra-estruturas, recupera\u00e7\u00e3o econ\u00f3mica e refor\u00e7o da capacidade de preven\u00e7\u00e3o e gest\u00e3o de desastres. De acordo com as estimativas iniciais, a reconstru\u00e7\u00e3o de infra-estruturas absorver\u00e1 cerca de 42% dos recursos previstos, enquanto a assist\u00eancia humanit\u00e1ria representar\u00e1 aproximadamente 32,6% do total. A recupera\u00e7\u00e3o econ\u00f3mica e a reposi\u00e7\u00e3o dos meios de subsist\u00eancia dever\u00e3o mobilizar cerca de 21% dos recursos, sendo o restante destinado a iniciativas de redu\u00e7\u00e3o do risco de desastres. O Ministro Salim Val\u00e1 sublinhou que o objectivo do Governo \u00e9 garantir que o processo de reconstru\u00e7\u00e3o contribua para um desenvolvimento mais sustent\u00e1vel. \u201cPrecisamos de um instrumento que permita articular a resposta de emerg\u00eancia com interven\u00e7\u00f5es de recupera\u00e7\u00e3o e reconstru\u00e7\u00e3o, aproveitando este processo para promover uma transforma\u00e7\u00e3o estrutural da economia e da sociedade\u201d, referiu. Refor\u00e7o institucional e coordena\u00e7\u00e3o com parceiros O Governo considera que o sucesso do processo de reconstru\u00e7\u00e3o depender\u00e1 n\u00e3o apenas da mobiliza\u00e7\u00e3o de recursos financeiros, mas tamb\u00e9m do refor\u00e7o da capacidade institucional para implementar pol\u00edticas, programas e projectos de forma eficaz. Nesse sentido, o Ministro da Planifica\u00e7\u00e3o e Desenvolvimento destacou que o fortalecimento das institui\u00e7\u00f5es p\u00fablicas constitui um elemento central da agenda governamental. \u201cA nossa preocupa\u00e7\u00e3o \u00e9 garantir pol\u00edticas consistentes e institui\u00e7\u00f5es capazes de formular, ajustar, monitorar e executar pol\u00edticas p\u00fablicas, respondendo \u00e0s mudan\u00e7as econ\u00f3micas e sociais\u201d, explicou. Durante o encontro, representantes de parceiros de coopera\u00e7\u00e3o manifestaram igualmente disponibilidade para apoiar a implementa\u00e7\u00e3o do plano de recupera\u00e7\u00e3o e reconstru\u00e7\u00e3o. O Director do Banco Mundial para Mo\u00e7ambique, Fily Sissoko, sublinhou que o pa\u00eds disp\u00f5e de um portf\u00f3lio significativo de financiamento, sendo fundamental refor\u00e7ar a capacidade de execu\u00e7\u00e3o dos projectos para maximizar o impacto desses recursos. \u201cO desafio n\u00e3o \u00e9 apenas mobilizar recursos adicionais, mas garantir que os projectos sejam executados de forma eficiente e que os mo\u00e7ambicanos beneficiem plenamente desses investimentos\u201d, afirmou. Reconstru\u00e7\u00e3o como oportunidade para desenvolvimento resiliente O Governo entende que o actual processo de reconstru\u00e7\u00e3o representa tamb\u00e9m uma oportunidade para promover reformas estruturais, melhorar o ordenamento territorial e fortalecer a resili\u00eancia econ\u00f3mica e social do pa\u00eds. A estrat\u00e9gia em prepara\u00e7\u00e3o prev\u00ea uma abordagem integrada que envolve institui\u00e7\u00f5es p\u00fablicas, parceiros internacionais, sector privado, sociedade civil e institui\u00e7\u00f5es acad\u00e9micas, com o objectivo de garantir uma recupera\u00e7\u00e3o sustent\u00e1vel e inclusiva. Para o Minist\u00e9rio da Planifica\u00e7\u00e3o e Desenvolvimento, o processo de reconstru\u00e7\u00e3o deve constituir um ponto de viragem que permita n\u00e3o apenas repor infra-estruturas destru\u00eddas, mas tamb\u00e9m acelerar a transforma\u00e7\u00e3o estrutural da economia mo\u00e7ambicana e refor\u00e7ar a capacidade do pa\u00eds para enfrentar desafios futuros.<\/p>\n","protected":false},"author":2,"featured_media":1107,"comment_status":"closed","ping_status":"open","sticky":false,"template":"","format":"standard","meta":{"footnotes":""},"categories":[10],"tags":[],"class_list":["post-1106","post","type-post","status-publish","format-standard","has-post-thumbnail","hentry","category-press24-category"],"yoast_head":"<!-- This site is optimized with the Yoast SEO plugin v26.1.1 - https:\/\/yoast.com\/wordpress\/plugins\/seo\/ -->\n<title>Governo posiciona reconstru\u00e7\u00e3o p\u00f3s-cheias como abordagem estrat\u00e9gica de transforma\u00e7\u00e3o econ\u00f3mica - Minist\u00e9rio da Planifica\u00e7\u00e3o e Desenvolvimento<\/title>\n<meta name=\"robots\" content=\"index, follow, max-snippet:-1, max-image-preview:large, max-video-preview:-1\" \/>\n<link rel=\"canonical\" href=\"https:\/\/mpd.gov.mz\/index.php\/2026\/03\/23\/governo-posiciona-reconstrucao-pos-cheias-como-abordagem-estrategica-de-transformacao-economica\/\" \/>\n<meta property=\"og:locale\" content=\"pt_BR\" \/>\n<meta property=\"og:type\" content=\"article\" \/>\n<meta property=\"og:title\" content=\"Governo posiciona reconstru\u00e7\u00e3o p\u00f3s-cheias como abordagem estrat\u00e9gica de transforma\u00e7\u00e3o econ\u00f3mica - Minist\u00e9rio da Planifica\u00e7\u00e3o e Desenvolvimento\" \/>\n<meta property=\"og:description\" content=\"O Governo de Mo\u00e7ambique est\u00e1 a posicionar o processo de reconstru\u00e7\u00e3o p\u00f3s-cheias como uma agenda estrat\u00e9gica de transforma\u00e7\u00e3o econ\u00f3mica e institucional, que vai al\u00e9m da resposta de emerg\u00eancia e procura refor\u00e7ar a resili\u00eancia do pa\u00eds face aos choques clim\u00e1ticos. Esta abordagem foi apresentada durante a reuni\u00e3o do Conselho de Parceiros para o Desenvolvimento (DCP) com o Minist\u00e9rio da Planifica\u00e7\u00e3o e Desenvolvimento (MPD), onde foram discutidas as prioridades nacionais para a recupera\u00e7\u00e3o e reconstru\u00e7\u00e3o ap\u00f3s os recentes eventos clim\u00e1ticos extremos. Na ocasi\u00e3o, o Ministro da Planifica\u00e7\u00e3o e Desenvolvimento, Salim Val\u00e1, destacou que os impactos econ\u00f3micos destes fen\u00f3menos exigem respostas estruturais e uma maior capacidade de coordena\u00e7\u00e3o entre institui\u00e7\u00f5es p\u00fablicas, parceiros de desenvolvimento e sector privado. Segundo o governante, estudos indicam que cada evento clim\u00e1tico severo pode provocar perdas econ\u00f3micas significativas. \u201cCada vez que ocorre um evento clim\u00e1tico desta magnitude, a economia pode perder entre 1% e 2% do Produto Interno Bruto, ao mesmo tempo que se verifica um aumento do \u00edndice de pobreza\u201d, afirmou. Neste contexto, o Governo est\u00e1 a preparar um plano preliminar de recupera\u00e7\u00e3o avaliado em cerca de 788,5 milh\u00f5es de d\u00f3lares, que dever\u00e1 articular interven\u00e7\u00f5es de assist\u00eancia humanit\u00e1ria, reconstru\u00e7\u00e3o de infra-estruturas, recupera\u00e7\u00e3o econ\u00f3mica e refor\u00e7o da capacidade de preven\u00e7\u00e3o e gest\u00e3o de desastres. De acordo com as estimativas iniciais, a reconstru\u00e7\u00e3o de infra-estruturas absorver\u00e1 cerca de 42% dos recursos previstos, enquanto a assist\u00eancia humanit\u00e1ria representar\u00e1 aproximadamente 32,6% do total. A recupera\u00e7\u00e3o econ\u00f3mica e a reposi\u00e7\u00e3o dos meios de subsist\u00eancia dever\u00e3o mobilizar cerca de 21% dos recursos, sendo o restante destinado a iniciativas de redu\u00e7\u00e3o do risco de desastres. O Ministro Salim Val\u00e1 sublinhou que o objectivo do Governo \u00e9 garantir que o processo de reconstru\u00e7\u00e3o contribua para um desenvolvimento mais sustent\u00e1vel. \u201cPrecisamos de um instrumento que permita articular a resposta de emerg\u00eancia com interven\u00e7\u00f5es de recupera\u00e7\u00e3o e reconstru\u00e7\u00e3o, aproveitando este processo para promover uma transforma\u00e7\u00e3o estrutural da economia e da sociedade\u201d, referiu. Refor\u00e7o institucional e coordena\u00e7\u00e3o com parceiros O Governo considera que o sucesso do processo de reconstru\u00e7\u00e3o depender\u00e1 n\u00e3o apenas da mobiliza\u00e7\u00e3o de recursos financeiros, mas tamb\u00e9m do refor\u00e7o da capacidade institucional para implementar pol\u00edticas, programas e projectos de forma eficaz. Nesse sentido, o Ministro da Planifica\u00e7\u00e3o e Desenvolvimento destacou que o fortalecimento das institui\u00e7\u00f5es p\u00fablicas constitui um elemento central da agenda governamental. \u201cA nossa preocupa\u00e7\u00e3o \u00e9 garantir pol\u00edticas consistentes e institui\u00e7\u00f5es capazes de formular, ajustar, monitorar e executar pol\u00edticas p\u00fablicas, respondendo \u00e0s mudan\u00e7as econ\u00f3micas e sociais\u201d, explicou. Durante o encontro, representantes de parceiros de coopera\u00e7\u00e3o manifestaram igualmente disponibilidade para apoiar a implementa\u00e7\u00e3o do plano de recupera\u00e7\u00e3o e reconstru\u00e7\u00e3o. O Director do Banco Mundial para Mo\u00e7ambique, Fily Sissoko, sublinhou que o pa\u00eds disp\u00f5e de um portf\u00f3lio significativo de financiamento, sendo fundamental refor\u00e7ar a capacidade de execu\u00e7\u00e3o dos projectos para maximizar o impacto desses recursos. \u201cO desafio n\u00e3o \u00e9 apenas mobilizar recursos adicionais, mas garantir que os projectos sejam executados de forma eficiente e que os mo\u00e7ambicanos beneficiem plenamente desses investimentos\u201d, afirmou. Reconstru\u00e7\u00e3o como oportunidade para desenvolvimento resiliente O Governo entende que o actual processo de reconstru\u00e7\u00e3o representa tamb\u00e9m uma oportunidade para promover reformas estruturais, melhorar o ordenamento territorial e fortalecer a resili\u00eancia econ\u00f3mica e social do pa\u00eds. A estrat\u00e9gia em prepara\u00e7\u00e3o prev\u00ea uma abordagem integrada que envolve institui\u00e7\u00f5es p\u00fablicas, parceiros internacionais, sector privado, sociedade civil e institui\u00e7\u00f5es acad\u00e9micas, com o objectivo de garantir uma recupera\u00e7\u00e3o sustent\u00e1vel e inclusiva. Para o Minist\u00e9rio da Planifica\u00e7\u00e3o e Desenvolvimento, o processo de reconstru\u00e7\u00e3o deve constituir um ponto de viragem que permita n\u00e3o apenas repor infra-estruturas destru\u00eddas, mas tamb\u00e9m acelerar a transforma\u00e7\u00e3o estrutural da economia mo\u00e7ambicana e refor\u00e7ar a capacidade do pa\u00eds para enfrentar desafios futuros.\" \/>\n<meta property=\"og:url\" content=\"https:\/\/mpd.gov.mz\/index.php\/2026\/03\/23\/governo-posiciona-reconstrucao-pos-cheias-como-abordagem-estrategica-de-transformacao-economica\/\" \/>\n<meta property=\"og:site_name\" content=\"Minist\u00e9rio da Planifica\u00e7\u00e3o e Desenvolvimento\" \/>\n<meta property=\"article:published_time\" content=\"2026-03-23T18:49:44+00:00\" \/>\n<meta property=\"article:modified_time\" content=\"2026-03-23T18:52:04+00:00\" \/>\n<meta property=\"og:image\" content=\"https:\/\/mpd.gov.mz\/wp-content\/uploads\/2026\/03\/MEETING-EMBAIXADOR-1.jpg\" \/>\n\t<meta property=\"og:image:width\" content=\"1401\" \/>\n\t<meta property=\"og:image:height\" content=\"928\" \/>\n\t<meta property=\"og:image:type\" content=\"image\/jpeg\" \/>\n<meta name=\"author\" content=\"Hermenegildo Maquina\" \/>\n<meta name=\"twitter:card\" content=\"summary_large_image\" \/>\n<meta name=\"twitter:label1\" content=\"Escrito por\" \/>\n\t<meta name=\"twitter:data1\" content=\"Hermenegildo Maquina\" \/>\n\t<meta name=\"twitter:label2\" content=\"Est. tempo de leitura\" \/>\n\t<meta name=\"twitter:data2\" content=\"5 minutos\" \/>\n<script type=\"application\/ld+json\" class=\"yoast-schema-graph\">{\"@context\":\"https:\/\/schema.org\",\"@graph\":[{\"@type\":\"Article\",\"@id\":\"https:\/\/mpd.gov.mz\/index.php\/2026\/03\/23\/governo-posiciona-reconstrucao-pos-cheias-como-abordagem-estrategica-de-transformacao-economica\/#article\",\"isPartOf\":{\"@id\":\"https:\/\/mpd.gov.mz\/index.php\/2026\/03\/23\/governo-posiciona-reconstrucao-pos-cheias-como-abordagem-estrategica-de-transformacao-economica\/\"},\"author\":{\"name\":\"Hermenegildo Maquina\",\"@id\":\"https:\/\/mpd.gov.mz\/#\/schema\/person\/68b27d994a4e959b869e600df8c9191f\"},\"headline\":\"Governo posiciona reconstru\u00e7\u00e3o p\u00f3s-cheias como abordagem estrat\u00e9gica de transforma\u00e7\u00e3o econ\u00f3mica\",\"datePublished\":\"2026-03-23T18:49:44+00:00\",\"dateModified\":\"2026-03-23T18:52:04+00:00\",\"mainEntityOfPage\":{\"@id\":\"https:\/\/mpd.gov.mz\/index.php\/2026\/03\/23\/governo-posiciona-reconstrucao-pos-cheias-como-abordagem-estrategica-de-transformacao-economica\/\"},\"wordCount\":738,\"publisher\":{\"@id\":\"https:\/\/mpd.gov.mz\/#organization\"},\"image\":{\"@id\":\"https:\/\/mpd.gov.mz\/index.php\/2026\/03\/23\/governo-posiciona-reconstrucao-pos-cheias-como-abordagem-estrategica-de-transformacao-economica\/#primaryimage\"},\"thumbnailUrl\":\"https:\/\/mpd.gov.mz\/wp-content\/uploads\/2026\/03\/MEETING-EMBAIXADOR-1.jpg\",\"articleSection\":[\"press24 category\"],\"inLanguage\":\"pt-BR\"},{\"@type\":\"WebPage\",\"@id\":\"https:\/\/mpd.gov.mz\/index.php\/2026\/03\/23\/governo-posiciona-reconstrucao-pos-cheias-como-abordagem-estrategica-de-transformacao-economica\/\",\"url\":\"https:\/\/mpd.gov.mz\/index.php\/2026\/03\/23\/governo-posiciona-reconstrucao-pos-cheias-como-abordagem-estrategica-de-transformacao-economica\/\",\"name\":\"Governo posiciona reconstru\u00e7\u00e3o p\u00f3s-cheias como abordagem estrat\u00e9gica de transforma\u00e7\u00e3o econ\u00f3mica - Minist\u00e9rio da Planifica\u00e7\u00e3o e Desenvolvimento\",\"isPartOf\":{\"@id\":\"https:\/\/mpd.gov.mz\/#website\"},\"primaryImageOfPage\":{\"@id\":\"https:\/\/mpd.gov.mz\/index.php\/2026\/03\/23\/governo-posiciona-reconstrucao-pos-cheias-como-abordagem-estrategica-de-transformacao-economica\/#primaryimage\"},\"image\":{\"@id\":\"https:\/\/mpd.gov.mz\/index.php\/2026\/03\/23\/governo-posiciona-reconstrucao-pos-cheias-como-abordagem-estrategica-de-transformacao-economica\/#primaryimage\"},\"thumbnailUrl\":\"https:\/\/mpd.gov.mz\/wp-content\/uploads\/2026\/03\/MEETING-EMBAIXADOR-1.jpg\",\"datePublished\":\"2026-03-23T18:49:44+00:00\",\"dateModified\":\"2026-03-23T18:52:04+00:00\",\"breadcrumb\":{\"@id\":\"https:\/\/mpd.gov.mz\/index.php\/2026\/03\/23\/governo-posiciona-reconstrucao-pos-cheias-como-abordagem-estrategica-de-transformacao-economica\/#breadcrumb\"},\"inLanguage\":\"pt-BR\",\"potentialAction\":[{\"@type\":\"ReadAction\",\"target\":[\"https:\/\/mpd.gov.mz\/index.php\/2026\/03\/23\/governo-posiciona-reconstrucao-pos-cheias-como-abordagem-estrategica-de-transformacao-economica\/\"]}]},{\"@type\":\"ImageObject\",\"inLanguage\":\"pt-BR\",\"@id\":\"https:\/\/mpd.gov.mz\/index.php\/2026\/03\/23\/governo-posiciona-reconstrucao-pos-cheias-como-abordagem-estrategica-de-transformacao-economica\/#primaryimage\",\"url\":\"https:\/\/mpd.gov.mz\/wp-content\/uploads\/2026\/03\/MEETING-EMBAIXADOR-1.jpg\",\"contentUrl\":\"https:\/\/mpd.gov.mz\/wp-content\/uploads\/2026\/03\/MEETING-EMBAIXADOR-1.jpg\",\"width\":1401,\"height\":928},{\"@type\":\"BreadcrumbList\",\"@id\":\"https:\/\/mpd.gov.mz\/index.php\/2026\/03\/23\/governo-posiciona-reconstrucao-pos-cheias-como-abordagem-estrategica-de-transformacao-economica\/#breadcrumb\",\"itemListElement\":[{\"@type\":\"ListItem\",\"position\":1,\"name\":\"In\u00edcio\",\"item\":\"https:\/\/mpd.gov.mz\/\"},{\"@type\":\"ListItem\",\"position\":2,\"name\":\"Governo posiciona reconstru\u00e7\u00e3o p\u00f3s-cheias como abordagem estrat\u00e9gica de transforma\u00e7\u00e3o econ\u00f3mica\"}]},{\"@type\":\"WebSite\",\"@id\":\"https:\/\/mpd.gov.mz\/#website\",\"url\":\"https:\/\/mpd.gov.mz\/\",\"name\":\"Minist\u00e9rio da Planifica\u00e7\u00e3o e Desenvolvimento\",\"description\":\"\",\"publisher\":{\"@id\":\"https:\/\/mpd.gov.mz\/#organization\"},\"potentialAction\":[{\"@type\":\"SearchAction\",\"target\":{\"@type\":\"EntryPoint\",\"urlTemplate\":\"https:\/\/mpd.gov.mz\/?s={search_term_string}\"},\"query-input\":{\"@type\":\"PropertyValueSpecification\",\"valueRequired\":true,\"valueName\":\"search_term_string\"}}],\"inLanguage\":\"pt-BR\"},{\"@type\":\"Organization\",\"@id\":\"https:\/\/mpd.gov.mz\/#organization\",\"name\":\"Minist\u00e9rio da Planifica\u00e7\u00e3o e Desenvolvimento\",\"url\":\"https:\/\/mpd.gov.mz\/\",\"logo\":{\"@type\":\"ImageObject\",\"inLanguage\":\"pt-BR\",\"@id\":\"https:\/\/mpd.gov.mz\/#\/schema\/logo\/image\/\",\"url\":\"https:\/\/mpd.gov.mz\/wp-content\/uploads\/2025\/10\/Emblem_of_Mozambique.svg.png\",\"contentUrl\":\"https:\/\/mpd.gov.mz\/wp-content\/uploads\/2025\/10\/Emblem_of_Mozambique.svg.png\",\"width\":1897,\"height\":2049,\"caption\":\"Minist\u00e9rio da Planifica\u00e7\u00e3o e Desenvolvimento\"},\"image\":{\"@id\":\"https:\/\/mpd.gov.mz\/#\/schema\/logo\/image\/\"}},{\"@type\":\"Person\",\"@id\":\"https:\/\/mpd.gov.mz\/#\/schema\/person\/68b27d994a4e959b869e600df8c9191f\",\"name\":\"Hermenegildo Maquina\",\"image\":{\"@type\":\"ImageObject\",\"inLanguage\":\"pt-BR\",\"@id\":\"https:\/\/mpd.gov.mz\/#\/schema\/person\/image\/\",\"url\":\"https:\/\/secure.gravatar.com\/avatar\/d23b64cffea0207421c08baa3a1b2b04f4ff15f04ecfdf92a4ddbae42a046ea0?s=96&d=mm&r=g\",\"contentUrl\":\"https:\/\/secure.gravatar.com\/avatar\/d23b64cffea0207421c08baa3a1b2b04f4ff15f04ecfdf92a4ddbae42a046ea0?s=96&d=mm&r=g\",\"caption\":\"Hermenegildo Maquina\"},\"sameAs\":[\"https:\/\/mpd.gov.mz\"],\"url\":\"https:\/\/mpd.gov.mz\/index.php\/author\/hermenegildo-maquina\/\"}]}<\/script>\n<!-- \/ Yoast SEO plugin. -->","yoast_head_json":{"title":"Governo posiciona reconstru\u00e7\u00e3o p\u00f3s-cheias como abordagem estrat\u00e9gica de transforma\u00e7\u00e3o econ\u00f3mica - Minist\u00e9rio da Planifica\u00e7\u00e3o e Desenvolvimento","robots":{"index":"index","follow":"follow","max-snippet":"max-snippet:-1","max-image-preview":"max-image-preview:large","max-video-preview":"max-video-preview:-1"},"canonical":"https:\/\/mpd.gov.mz\/index.php\/2026\/03\/23\/governo-posiciona-reconstrucao-pos-cheias-como-abordagem-estrategica-de-transformacao-economica\/","og_locale":"pt_BR","og_type":"article","og_title":"Governo posiciona reconstru\u00e7\u00e3o p\u00f3s-cheias como abordagem estrat\u00e9gica de transforma\u00e7\u00e3o econ\u00f3mica - Minist\u00e9rio da Planifica\u00e7\u00e3o e Desenvolvimento","og_description":"O Governo de Mo\u00e7ambique est\u00e1 a posicionar o processo de reconstru\u00e7\u00e3o p\u00f3s-cheias como uma agenda estrat\u00e9gica de transforma\u00e7\u00e3o econ\u00f3mica e institucional, que vai al\u00e9m da resposta de emerg\u00eancia e procura refor\u00e7ar a resili\u00eancia do pa\u00eds face aos choques clim\u00e1ticos. Esta abordagem foi apresentada durante a reuni\u00e3o do Conselho de Parceiros para o Desenvolvimento (DCP) com o Minist\u00e9rio da Planifica\u00e7\u00e3o e Desenvolvimento (MPD), onde foram discutidas as prioridades nacionais para a recupera\u00e7\u00e3o e reconstru\u00e7\u00e3o ap\u00f3s os recentes eventos clim\u00e1ticos extremos. Na ocasi\u00e3o, o Ministro da Planifica\u00e7\u00e3o e Desenvolvimento, Salim Val\u00e1, destacou que os impactos econ\u00f3micos destes fen\u00f3menos exigem respostas estruturais e uma maior capacidade de coordena\u00e7\u00e3o entre institui\u00e7\u00f5es p\u00fablicas, parceiros de desenvolvimento e sector privado. Segundo o governante, estudos indicam que cada evento clim\u00e1tico severo pode provocar perdas econ\u00f3micas significativas. \u201cCada vez que ocorre um evento clim\u00e1tico desta magnitude, a economia pode perder entre 1% e 2% do Produto Interno Bruto, ao mesmo tempo que se verifica um aumento do \u00edndice de pobreza\u201d, afirmou. Neste contexto, o Governo est\u00e1 a preparar um plano preliminar de recupera\u00e7\u00e3o avaliado em cerca de 788,5 milh\u00f5es de d\u00f3lares, que dever\u00e1 articular interven\u00e7\u00f5es de assist\u00eancia humanit\u00e1ria, reconstru\u00e7\u00e3o de infra-estruturas, recupera\u00e7\u00e3o econ\u00f3mica e refor\u00e7o da capacidade de preven\u00e7\u00e3o e gest\u00e3o de desastres. De acordo com as estimativas iniciais, a reconstru\u00e7\u00e3o de infra-estruturas absorver\u00e1 cerca de 42% dos recursos previstos, enquanto a assist\u00eancia humanit\u00e1ria representar\u00e1 aproximadamente 32,6% do total. A recupera\u00e7\u00e3o econ\u00f3mica e a reposi\u00e7\u00e3o dos meios de subsist\u00eancia dever\u00e3o mobilizar cerca de 21% dos recursos, sendo o restante destinado a iniciativas de redu\u00e7\u00e3o do risco de desastres. O Ministro Salim Val\u00e1 sublinhou que o objectivo do Governo \u00e9 garantir que o processo de reconstru\u00e7\u00e3o contribua para um desenvolvimento mais sustent\u00e1vel. \u201cPrecisamos de um instrumento que permita articular a resposta de emerg\u00eancia com interven\u00e7\u00f5es de recupera\u00e7\u00e3o e reconstru\u00e7\u00e3o, aproveitando este processo para promover uma transforma\u00e7\u00e3o estrutural da economia e da sociedade\u201d, referiu. Refor\u00e7o institucional e coordena\u00e7\u00e3o com parceiros O Governo considera que o sucesso do processo de reconstru\u00e7\u00e3o depender\u00e1 n\u00e3o apenas da mobiliza\u00e7\u00e3o de recursos financeiros, mas tamb\u00e9m do refor\u00e7o da capacidade institucional para implementar pol\u00edticas, programas e projectos de forma eficaz. Nesse sentido, o Ministro da Planifica\u00e7\u00e3o e Desenvolvimento destacou que o fortalecimento das institui\u00e7\u00f5es p\u00fablicas constitui um elemento central da agenda governamental. \u201cA nossa preocupa\u00e7\u00e3o \u00e9 garantir pol\u00edticas consistentes e institui\u00e7\u00f5es capazes de formular, ajustar, monitorar e executar pol\u00edticas p\u00fablicas, respondendo \u00e0s mudan\u00e7as econ\u00f3micas e sociais\u201d, explicou. Durante o encontro, representantes de parceiros de coopera\u00e7\u00e3o manifestaram igualmente disponibilidade para apoiar a implementa\u00e7\u00e3o do plano de recupera\u00e7\u00e3o e reconstru\u00e7\u00e3o. O Director do Banco Mundial para Mo\u00e7ambique, Fily Sissoko, sublinhou que o pa\u00eds disp\u00f5e de um portf\u00f3lio significativo de financiamento, sendo fundamental refor\u00e7ar a capacidade de execu\u00e7\u00e3o dos projectos para maximizar o impacto desses recursos. \u201cO desafio n\u00e3o \u00e9 apenas mobilizar recursos adicionais, mas garantir que os projectos sejam executados de forma eficiente e que os mo\u00e7ambicanos beneficiem plenamente desses investimentos\u201d, afirmou. Reconstru\u00e7\u00e3o como oportunidade para desenvolvimento resiliente O Governo entende que o actual processo de reconstru\u00e7\u00e3o representa tamb\u00e9m uma oportunidade para promover reformas estruturais, melhorar o ordenamento territorial e fortalecer a resili\u00eancia econ\u00f3mica e social do pa\u00eds. A estrat\u00e9gia em prepara\u00e7\u00e3o prev\u00ea uma abordagem integrada que envolve institui\u00e7\u00f5es p\u00fablicas, parceiros internacionais, sector privado, sociedade civil e institui\u00e7\u00f5es acad\u00e9micas, com o objectivo de garantir uma recupera\u00e7\u00e3o sustent\u00e1vel e inclusiva. Para o Minist\u00e9rio da Planifica\u00e7\u00e3o e Desenvolvimento, o processo de reconstru\u00e7\u00e3o deve constituir um ponto de viragem que permita n\u00e3o apenas repor infra-estruturas destru\u00eddas, mas tamb\u00e9m acelerar a transforma\u00e7\u00e3o estrutural da economia mo\u00e7ambicana e refor\u00e7ar a capacidade do pa\u00eds para enfrentar desafios futuros.","og_url":"https:\/\/mpd.gov.mz\/index.php\/2026\/03\/23\/governo-posiciona-reconstrucao-pos-cheias-como-abordagem-estrategica-de-transformacao-economica\/","og_site_name":"Minist\u00e9rio da Planifica\u00e7\u00e3o e Desenvolvimento","article_published_time":"2026-03-23T18:49:44+00:00","article_modified_time":"2026-03-23T18:52:04+00:00","og_image":[{"width":1401,"height":928,"url":"https:\/\/mpd.gov.mz\/wp-content\/uploads\/2026\/03\/MEETING-EMBAIXADOR-1.jpg","type":"image\/jpeg"}],"author":"Hermenegildo Maquina","twitter_card":"summary_large_image","twitter_misc":{"Escrito por":"Hermenegildo Maquina","Est. tempo de leitura":"5 minutos"},"schema":{"@context":"https:\/\/schema.org","@graph":[{"@type":"Article","@id":"https:\/\/mpd.gov.mz\/index.php\/2026\/03\/23\/governo-posiciona-reconstrucao-pos-cheias-como-abordagem-estrategica-de-transformacao-economica\/#article","isPartOf":{"@id":"https:\/\/mpd.gov.mz\/index.php\/2026\/03\/23\/governo-posiciona-reconstrucao-pos-cheias-como-abordagem-estrategica-de-transformacao-economica\/"},"author":{"name":"Hermenegildo Maquina","@id":"https:\/\/mpd.gov.mz\/#\/schema\/person\/68b27d994a4e959b869e600df8c9191f"},"headline":"Governo posiciona reconstru\u00e7\u00e3o p\u00f3s-cheias como abordagem estrat\u00e9gica de transforma\u00e7\u00e3o econ\u00f3mica","datePublished":"2026-03-23T18:49:44+00:00","dateModified":"2026-03-23T18:52:04+00:00","mainEntityOfPage":{"@id":"https:\/\/mpd.gov.mz\/index.php\/2026\/03\/23\/governo-posiciona-reconstrucao-pos-cheias-como-abordagem-estrategica-de-transformacao-economica\/"},"wordCount":738,"publisher":{"@id":"https:\/\/mpd.gov.mz\/#organization"},"image":{"@id":"https:\/\/mpd.gov.mz\/index.php\/2026\/03\/23\/governo-posiciona-reconstrucao-pos-cheias-como-abordagem-estrategica-de-transformacao-economica\/#primaryimage"},"thumbnailUrl":"https:\/\/mpd.gov.mz\/wp-content\/uploads\/2026\/03\/MEETING-EMBAIXADOR-1.jpg","articleSection":["press24 category"],"inLanguage":"pt-BR"},{"@type":"WebPage","@id":"https:\/\/mpd.gov.mz\/index.php\/2026\/03\/23\/governo-posiciona-reconstrucao-pos-cheias-como-abordagem-estrategica-de-transformacao-economica\/","url":"https:\/\/mpd.gov.mz\/index.php\/2026\/03\/23\/governo-posiciona-reconstrucao-pos-cheias-como-abordagem-estrategica-de-transformacao-economica\/","name":"Governo posiciona reconstru\u00e7\u00e3o p\u00f3s-cheias como abordagem estrat\u00e9gica de transforma\u00e7\u00e3o econ\u00f3mica - Minist\u00e9rio da Planifica\u00e7\u00e3o e Desenvolvimento","isPartOf":{"@id":"https:\/\/mpd.gov.mz\/#website"},"primaryImageOfPage":{"@id":"https:\/\/mpd.gov.mz\/index.php\/2026\/03\/23\/governo-posiciona-reconstrucao-pos-cheias-como-abordagem-estrategica-de-transformacao-economica\/#primaryimage"},"image":{"@id":"https:\/\/mpd.gov.mz\/index.php\/2026\/03\/23\/governo-posiciona-reconstrucao-pos-cheias-como-abordagem-estrategica-de-transformacao-economica\/#primaryimage"},"thumbnailUrl":"https:\/\/mpd.gov.mz\/wp-content\/uploads\/2026\/03\/MEETING-EMBAIXADOR-1.jpg","datePublished":"2026-03-23T18:49:44+00:00","dateModified":"2026-03-23T18:52:04+00:00","breadcrumb":{"@id":"https:\/\/mpd.gov.mz\/index.php\/2026\/03\/23\/governo-posiciona-reconstrucao-pos-cheias-como-abordagem-estrategica-de-transformacao-economica\/#breadcrumb"},"inLanguage":"pt-BR","potentialAction":[{"@type":"ReadAction","target":["https:\/\/mpd.gov.mz\/index.php\/2026\/03\/23\/governo-posiciona-reconstrucao-pos-cheias-como-abordagem-estrategica-de-transformacao-economica\/"]}]},{"@type":"ImageObject","inLanguage":"pt-BR","@id":"https:\/\/mpd.gov.mz\/index.php\/2026\/03\/23\/governo-posiciona-reconstrucao-pos-cheias-como-abordagem-estrategica-de-transformacao-economica\/#primaryimage","url":"https:\/\/mpd.gov.mz\/wp-content\/uploads\/2026\/03\/MEETING-EMBAIXADOR-1.jpg","contentUrl":"https:\/\/mpd.gov.mz\/wp-content\/uploads\/2026\/03\/MEETING-EMBAIXADOR-1.jpg","width":1401,"height":928},{"@type":"BreadcrumbList","@id":"https:\/\/mpd.gov.mz\/index.php\/2026\/03\/23\/governo-posiciona-reconstrucao-pos-cheias-como-abordagem-estrategica-de-transformacao-economica\/#breadcrumb","itemListElement":[{"@type":"ListItem","position":1,"name":"In\u00edcio","item":"https:\/\/mpd.gov.mz\/"},{"@type":"ListItem","position":2,"name":"Governo posiciona reconstru\u00e7\u00e3o p\u00f3s-cheias como abordagem estrat\u00e9gica de transforma\u00e7\u00e3o econ\u00f3mica"}]},{"@type":"WebSite","@id":"https:\/\/mpd.gov.mz\/#website","url":"https:\/\/mpd.gov.mz\/","name":"Minist\u00e9rio da Planifica\u00e7\u00e3o e Desenvolvimento","description":"","publisher":{"@id":"https:\/\/mpd.gov.mz\/#organization"},"potentialAction":[{"@type":"SearchAction","target":{"@type":"EntryPoint","urlTemplate":"https:\/\/mpd.gov.mz\/?s={search_term_string}"},"query-input":{"@type":"PropertyValueSpecification","valueRequired":true,"valueName":"search_term_string"}}],"inLanguage":"pt-BR"},{"@type":"Organization","@id":"https:\/\/mpd.gov.mz\/#organization","name":"Minist\u00e9rio da Planifica\u00e7\u00e3o e Desenvolvimento","url":"https:\/\/mpd.gov.mz\/","logo":{"@type":"ImageObject","inLanguage":"pt-BR","@id":"https:\/\/mpd.gov.mz\/#\/schema\/logo\/image\/","url":"https:\/\/mpd.gov.mz\/wp-content\/uploads\/2025\/10\/Emblem_of_Mozambique.svg.png","contentUrl":"https:\/\/mpd.gov.mz\/wp-content\/uploads\/2025\/10\/Emblem_of_Mozambique.svg.png","width":1897,"height":2049,"caption":"Minist\u00e9rio da Planifica\u00e7\u00e3o e Desenvolvimento"},"image":{"@id":"https:\/\/mpd.gov.mz\/#\/schema\/logo\/image\/"}},{"@type":"Person","@id":"https:\/\/mpd.gov.mz\/#\/schema\/person\/68b27d994a4e959b869e600df8c9191f","name":"Hermenegildo Maquina","image":{"@type":"ImageObject","inLanguage":"pt-BR","@id":"https:\/\/mpd.gov.mz\/#\/schema\/person\/image\/","url":"https:\/\/secure.gravatar.com\/avatar\/d23b64cffea0207421c08baa3a1b2b04f4ff15f04ecfdf92a4ddbae42a046ea0?s=96&d=mm&r=g","contentUrl":"https:\/\/secure.gravatar.com\/avatar\/d23b64cffea0207421c08baa3a1b2b04f4ff15f04ecfdf92a4ddbae42a046ea0?s=96&d=mm&r=g","caption":"Hermenegildo Maquina"},"sameAs":["https:\/\/mpd.gov.mz"],"url":"https:\/\/mpd.gov.mz\/index.php\/author\/hermenegildo-maquina\/"}]}},"_links":{"self":[{"href":"https:\/\/mpd.gov.mz\/index.php\/wp-json\/wp\/v2\/posts\/1106","targetHints":{"allow":["GET"]}}],"collection":[{"href":"https:\/\/mpd.gov.mz\/index.php\/wp-json\/wp\/v2\/posts"}],"about":[{"href":"https:\/\/mpd.gov.mz\/index.php\/wp-json\/wp\/v2\/types\/post"}],"author":[{"embeddable":true,"href":"https:\/\/mpd.gov.mz\/index.php\/wp-json\/wp\/v2\/users\/2"}],"replies":[{"embeddable":true,"href":"https:\/\/mpd.gov.mz\/index.php\/wp-json\/wp\/v2\/comments?post=1106"}],"version-history":[{"count":1,"href":"https:\/\/mpd.gov.mz\/index.php\/wp-json\/wp\/v2\/posts\/1106\/revisions"}],"predecessor-version":[{"id":1111,"href":"https:\/\/mpd.gov.mz\/index.php\/wp-json\/wp\/v2\/posts\/1106\/revisions\/1111"}],"wp:featuredmedia":[{"embeddable":true,"href":"https:\/\/mpd.gov.mz\/index.php\/wp-json\/wp\/v2\/media\/1107"}],"wp:attachment":[{"href":"https:\/\/mpd.gov.mz\/index.php\/wp-json\/wp\/v2\/media?parent=1106"}],"wp:term":[{"taxonomy":"category","embeddable":true,"href":"https:\/\/mpd.gov.mz\/index.php\/wp-json\/wp\/v2\/categories?post=1106"},{"taxonomy":"post_tag","embeddable":true,"href":"https:\/\/mpd.gov.mz\/index.php\/wp-json\/wp\/v2\/tags?post=1106"}],"curies":[{"name":"wp","href":"https:\/\/api.w.org\/{rel}","templated":true}]}}